{"id":558,"date":"2025-08-14T16:31:00","date_gmt":"2025-08-14T20:31:00","guid":{"rendered":"https:\/\/startersites.io\/blocksy\/business\/?p=555"},"modified":"2025-10-09T10:36:18","modified_gmt":"2025-10-09T14:36:18","slug":"elementum-curabitur-vitaenunc-sed-velit","status":"publish","type":"post","link":"http:\/\/proreitoria.uea.edu.br\/propesp\/index.php\/2025\/08\/14\/elementum-curabitur-vitaenunc-sed-velit\/","title":{"rendered":"UEA e Unesp firmam acordo para fortalecer integra\u00e7\u00e3o acad\u00eamica e cient\u00edfica"},"content":{"rendered":"\n<p>O pr\u00f3-reitor de Pesquisa e P\u00f3s-gradua\u00e7\u00e3o, Prof. Dr. Roberto Mubarac, e a coordenadora de Pesquisas e Projetos Institucionais, Prof.\u00aa Dra. Jessica Takahashi, integraram a comitiva da Universidade do Estado do Amazonas (UEA) na assinatura do termo de coopera\u00e7\u00e3o com a Universidade Estadual Paulista \u201cJ\u00falio de Mesquita Filho\u201d (Unesp).<\/p>\n\n\n\n<p>O acordo foi assinado nesta ter\u00e7a-feira (12\/8), na Reitoria da Unesp, em S\u00e3o Paulo (SP), pelo reitor da UEA, Prof. Dr. Andr\u00e9 Zogahib, e pela reitora da Unesp, Prof.\u00aa Dra. Maysa Furlan. A iniciativa tem como objetivo ampliar a coopera\u00e7\u00e3o entre as institui\u00e7\u00f5es, abrangendo a\u00e7\u00f5es de ensino, pesquisa, extens\u00e3o, internacionaliza\u00e7\u00e3o e uso compartilhado de instala\u00e7\u00f5es e equipamentos, com aten\u00e7\u00e3o especial ao fortalecimento dos programas de p\u00f3s-gradua\u00e7\u00e3o e \u00e0 consolida\u00e7\u00e3o de redes de pesquisa.<\/p>\n\n\n\n<p>Para o reitor Andr\u00e9 Zogahib, a parceria representa um marco na integra\u00e7\u00e3o acad\u00eamica e cient\u00edfica entre a UEA e a Unesp.<\/p>\n\n\n\n<blockquote class=\"wp-block-quote is-layout-flow wp-block-quote-is-layout-flow\">\n<p style=\"border-style:none;border-width:0px\"><em>\u201cEstamos comprometidos em fortalecer o nome das nossas institui\u00e7\u00f5es, n\u00e3o apenas individualmente, mas agora de forma coletiva. Este \u00e9 apenas o in\u00edcio de diversas parcerias oficiais e da consolida\u00e7\u00e3o de colabora\u00e7\u00f5es j\u00e1 em andamento, que nos permitir\u00e3o avan\u00e7ar em dire\u00e7\u00e3o a uma sociedade mais justa, moderna e equ\u00e2nime, com uma Amaz\u00f4nia protegida e um Brasil fortalecido\u201d, afirmou.<\/em><\/p>\n<\/blockquote>\n\n\n\n<div class=\"wp-block-stackable-image stk-block-image stk-block stk-7049338\" data-block-id=\"7049338\"><figure><span class=\"stk-img-wrapper stk-image--shape-stretch\"><img loading=\"lazy\" decoding=\"async\" class=\"stk-img wp-image-1149\" src=\"http:\/\/proreitoria.uea.edu.br\/propesp\/wp-content\/uploads\/2025\/08\/Expansao-da-UEA-mais-investimentos-e-novas-oportunidades-para-a-pesquisa-e-inovacao-Site.png\" width=\"1366\" height=\"768\" srcset=\"http:\/\/proreitoria.uea.edu.br\/propesp\/wp-content\/uploads\/2025\/08\/Expansao-da-UEA-mais-investimentos-e-novas-oportunidades-para-a-pesquisa-e-inovacao-Site.png 1366w, http:\/\/proreitoria.uea.edu.br\/propesp\/wp-content\/uploads\/2025\/08\/Expansao-da-UEA-mais-investimentos-e-novas-oportunidades-para-a-pesquisa-e-inovacao-Site-300x169.png 300w, http:\/\/proreitoria.uea.edu.br\/propesp\/wp-content\/uploads\/2025\/08\/Expansao-da-UEA-mais-investimentos-e-novas-oportunidades-para-a-pesquisa-e-inovacao-Site-1024x576.png 1024w, http:\/\/proreitoria.uea.edu.br\/propesp\/wp-content\/uploads\/2025\/08\/Expansao-da-UEA-mais-investimentos-e-novas-oportunidades-para-a-pesquisa-e-inovacao-Site-768x432.png 768w\" sizes=\"auto, (max-width: 1366px) 100vw, 1366px\" \/><\/span><\/figure><\/div>\n\n\n\n<p>A reitora da Unesp, Prof.\u00aa Dra. Maysa Furlan, ressaltou que a uni\u00e3o das expertises do Amazonas e de S\u00e3o Paulo abre novas possibilidades para o avan\u00e7o da ci\u00eancia e a forma\u00e7\u00e3o de recursos humanos qualificados, contribuindo para o desenvolvimento nacional.<\/p>\n\n\n\n<p>Al\u00e9m dos representantes da UEA, participaram da cerim\u00f4nia, pela Unesp, o pr\u00f3-reitor de Pesquisa, Prof. Dr. Edson Botelho; a pr\u00f3-reitora de P\u00f3s-gradua\u00e7\u00e3o, Prof.\u00aa Dra. Maria Vanilce Boldrin; a pr\u00f3-reitora de Gradua\u00e7\u00e3o, Prof.\u00aa Dra. C\u00e9lia Giacheti; a chefe de gabinete, Prof.\u00aa Dra. Adriana Marcantonio; a representante do assessor-chefe de Rela\u00e7\u00f5es Externas, Prof.\u00aa Dra. Ana Cristina Biondo Salom\u00e3o; e o assessor da Pr\u00f3-reitoria de P\u00f3s-gradua\u00e7\u00e3o, Prof. Dr. Jos\u00e9 Alcides Gobbo J\u00fanior.<\/p>\n\n\n\n<div class=\"wp-block-stackable-image stk-block-image stk-block stk-bfaeac7\" data-block-id=\"bfaeac7\"><figure><span class=\"stk-img-wrapper stk-image--shape-stretch\"><img loading=\"lazy\" decoding=\"async\" class=\"stk-img wp-image-1137\" src=\"http:\/\/proreitoria.uea.edu.br\/propesp\/wp-content\/uploads\/2020\/08\/PHOTO.jpg\" width=\"1024\" height=\"683\" srcset=\"http:\/\/proreitoria.uea.edu.br\/propesp\/wp-content\/uploads\/2020\/08\/PHOTO.jpg 1024w, http:\/\/proreitoria.uea.edu.br\/propesp\/wp-content\/uploads\/2020\/08\/PHOTO-300x200.jpg 300w, http:\/\/proreitoria.uea.edu.br\/propesp\/wp-content\/uploads\/2020\/08\/PHOTO-768x512.jpg 768w\" sizes=\"auto, (max-width: 1024px) 100vw, 1024px\" \/><\/span><\/figure><\/div>\n\n\n\n<p><\/p>\n","protected":false},"excerpt":{"rendered":"<p>O pr\u00f3-reitor de Pesquisa e P\u00f3s-gradua\u00e7\u00e3o, Prof. Dr. Roberto Mubarac, e a coordenadora de Pesquisas e Projetos Institucionais, Prof.\u00aa Dra. Jessica Takahashi, integraram a comitiva da Universidade do Estado do Amazonas (UEA) na assinatura do termo de coopera\u00e7\u00e3o com a Universidade Estadual Paulista \u201cJ\u00falio de Mesquita Filho\u201d (Unesp). O acordo foi assinado nesta ter\u00e7a-feira (12\/8), [&hellip;]<\/p>\n","protected":false},"author":10,"featured_media":1149,"comment_status":"open","ping_status":"open","sticky":false,"template":"","format":"standard","meta":{"footnotes":""},"categories":[1],"tags":[],"class_list":["post-558","post","type-post","status-publish","format-standard","has-post-thumbnail","hentry","category-pos-graduacao"],"blocksy_meta":{"styles_descriptor":{"styles":{"desktop":"","tablet":"","mobile":""},"google_fonts":[],"version":6}},"_links":{"self":[{"href":"http:\/\/proreitoria.uea.edu.br\/propesp\/index.php\/wp-json\/wp\/v2\/posts\/558","targetHints":{"allow":["GET"]}}],"collection":[{"href":"http:\/\/proreitoria.uea.edu.br\/propesp\/index.php\/wp-json\/wp\/v2\/posts"}],"about":[{"href":"http:\/\/proreitoria.uea.edu.br\/propesp\/index.php\/wp-json\/wp\/v2\/types\/post"}],"author":[{"embeddable":true,"href":"http:\/\/proreitoria.uea.edu.br\/propesp\/index.php\/wp-json\/wp\/v2\/users\/10"}],"replies":[{"embeddable":true,"href":"http:\/\/proreitoria.uea.edu.br\/propesp\/index.php\/wp-json\/wp\/v2\/comments?post=558"}],"version-history":[{"count":7,"href":"http:\/\/proreitoria.uea.edu.br\/propesp\/index.php\/wp-json\/wp\/v2\/posts\/558\/revisions"}],"predecessor-version":[{"id":1193,"href":"http:\/\/proreitoria.uea.edu.br\/propesp\/index.php\/wp-json\/wp\/v2\/posts\/558\/revisions\/1193"}],"wp:featuredmedia":[{"embeddable":true,"href":"http:\/\/proreitoria.uea.edu.br\/propesp\/index.php\/wp-json\/wp\/v2\/media\/1149"}],"wp:attachment":[{"href":"http:\/\/proreitoria.uea.edu.br\/propesp\/index.php\/wp-json\/wp\/v2\/media?parent=558"}],"wp:term":[{"taxonomy":"category","embeddable":true,"href":"http:\/\/proreitoria.uea.edu.br\/propesp\/index.php\/wp-json\/wp\/v2\/categories?post=558"},{"taxonomy":"post_tag","embeddable":true,"href":"http:\/\/proreitoria.uea.edu.br\/propesp\/index.php\/wp-json\/wp\/v2\/tags?post=558"}],"curies":[{"name":"wp","href":"https:\/\/api.w.org\/{rel}","templated":true}]}}