{"id":2315,"date":"2026-03-11T11:02:27","date_gmt":"2026-03-11T15:02:27","guid":{"rendered":"http:\/\/proreitoria.uea.edu.br\/propesp\/?p=2315"},"modified":"2026-03-11T11:02:27","modified_gmt":"2026-03-11T15:02:27","slug":"propesp-realiza-visita-institucional-em-tefe-e-fortalece-acoes-de-pesquisa-e-pos-graduacao-no-interior","status":"publish","type":"post","link":"http:\/\/proreitoria.uea.edu.br\/propesp\/index.php\/2026\/03\/11\/propesp-realiza-visita-institucional-em-tefe-e-fortalece-acoes-de-pesquisa-e-pos-graduacao-no-interior\/","title":{"rendered":"Propesp realiza visita institucional em Tef\u00e9 e fortalece a\u00e7\u00f5es de pesquisa e p\u00f3s-gradua\u00e7\u00e3o no interior"},"content":{"rendered":"\n<p>A Pr\u00f3-Reitoria de Pesquisa e P\u00f3s-Gradua\u00e7\u00e3o da Universidade do Estado do Amazonas (Propesp\/UEA) realizou uma visita institucional ao Centro de Estudos Superiores de Tef\u00e9 (Cest), no munic\u00edpio de Tef\u00e9, como parte das atividades do Propesp Itinerante. A iniciativa teve como objetivo aproximar a gest\u00e3o da pr\u00f3-reitoria das unidades do interior, fortalecendo a pesquisa, a inicia\u00e7\u00e3o cient\u00edfica e os programas de p\u00f3s-gradua\u00e7\u00e3o, al\u00e9m de promover di\u00e1logo direto com docentes, discentes e gestores acad\u00eamicos.<\/p>\n\n\n\n<figure class=\"wp-block-image size-large\"><img loading=\"lazy\" decoding=\"async\" width=\"1024\" height=\"768\" src=\"http:\/\/proreitoria.uea.edu.br\/propesp\/wp-content\/uploads\/2026\/03\/WhatsApp-Image-2026-03-10-at-18.24.07-1024x768.jpeg\" alt=\"\" class=\"wp-image-2327\" srcset=\"http:\/\/proreitoria.uea.edu.br\/propesp\/wp-content\/uploads\/2026\/03\/WhatsApp-Image-2026-03-10-at-18.24.07-1024x768.jpeg 1024w, http:\/\/proreitoria.uea.edu.br\/propesp\/wp-content\/uploads\/2026\/03\/WhatsApp-Image-2026-03-10-at-18.24.07-300x225.jpeg 300w, http:\/\/proreitoria.uea.edu.br\/propesp\/wp-content\/uploads\/2026\/03\/WhatsApp-Image-2026-03-10-at-18.24.07-768x576.jpeg 768w, http:\/\/proreitoria.uea.edu.br\/propesp\/wp-content\/uploads\/2026\/03\/WhatsApp-Image-2026-03-10-at-18.24.07.jpeg 1280w\" sizes=\"auto, (max-width: 1024px) 100vw, 1024px\" \/><\/figure>\n\n\n\n<p>A comitiva foi liderada pelo pr\u00f3-reitor de Pesquisa e P\u00f3s-Gradua\u00e7\u00e3o, Prof. Dr. Roberto Mubarac, e contou com a participa\u00e7\u00e3o de coordenadores e gerentes das \u00e1reas estrat\u00e9gicas da Propesp. A equipe foi composta pela coordenadora de P\u00f3s-Gradua\u00e7\u00e3o Stricto Sensu, Prof.\u00aa Dra. Patr\u00edcia Melchionna; pela coordenadora de Pesquisa e Projetos Institucionais, Prof.\u00aa Dra. Jessica Takahashi; e pelo coordenador de P\u00f3s-Gradua\u00e7\u00e3o Lato Sensu, Prof. Dr. Carlos Renato.<\/p>\n\n\n\n<figure class=\"wp-block-image size-large\"><img loading=\"lazy\" decoding=\"async\" width=\"1024\" height=\"768\" src=\"http:\/\/proreitoria.uea.edu.br\/propesp\/wp-content\/uploads\/2026\/03\/WhatsApp-Image-2026-03-10-at-18.24.10-1024x768.jpeg\" alt=\"\" class=\"wp-image-2330\" srcset=\"http:\/\/proreitoria.uea.edu.br\/propesp\/wp-content\/uploads\/2026\/03\/WhatsApp-Image-2026-03-10-at-18.24.10-1024x768.jpeg 1024w, http:\/\/proreitoria.uea.edu.br\/propesp\/wp-content\/uploads\/2026\/03\/WhatsApp-Image-2026-03-10-at-18.24.10-300x225.jpeg 300w, http:\/\/proreitoria.uea.edu.br\/propesp\/wp-content\/uploads\/2026\/03\/WhatsApp-Image-2026-03-10-at-18.24.10-768x576.jpeg 768w, http:\/\/proreitoria.uea.edu.br\/propesp\/wp-content\/uploads\/2026\/03\/WhatsApp-Image-2026-03-10-at-18.24.10.jpeg 1280w\" sizes=\"auto, (max-width: 1024px) 100vw, 1024px\" \/><\/figure>\n\n\n\n<p>Tamb\u00e9m integraram a comitiva a gerente de Pesquisa e Projetos Institucionais, Elen Caroline, e a assessora de Inicia\u00e7\u00e3o Cient\u00edfica e Tecnol\u00f3gica, Kamilla Fabris.<br>Durante a programa\u00e7\u00e3o, foram realizadas apresenta\u00e7\u00f5es institucionais voltadas a docentes e discentes, incluindo a apresenta\u00e7\u00e3o da Propesp, conduzida pelo Pr\u00f3-Reitor, e a apresenta\u00e7\u00e3o do Programa de Tutoria em Laborat\u00f3rios e do Programa de Inicia\u00e7\u00e3o Cient\u00edfica e Tecnol\u00f3gica, com orienta\u00e7\u00f5es sobre editais e esclarecimento de d\u00favidas.<\/p>\n\n\n\n<p>Tamb\u00e9m ocorreram reuni\u00f5es setoriais com diferentes segmentos da comunidade acad\u00eamica. A reuni\u00e3o da Inicia\u00e7\u00e3o Cient\u00edfica e Tecnol\u00f3gica foi direcionada a membros do comit\u00ea local de ICT; a reuni\u00e3o do stricto sensu reuniu coordenadores de programas de p\u00f3s-gradua\u00e7\u00e3o; e a reuni\u00e3o do Lato Sensu foi voltada a coordenadores e docentes interessados em iniciar a oferta de cursos de especializa\u00e7\u00e3o. A agenda foi conclu\u00edda com visitas t\u00e9cnicas aos laborat\u00f3rios e \u00e0s estruturas avan\u00e7adas de pesquisa da unidade, permitindo conhecer de perto os espa\u00e7os utilizados para o desenvolvimento das atividades cient\u00edficas e acad\u00eamicas da unidade.<\/p>\n\n\n\n<div class=\"wp-block-stackable-carousel stk-block-carousel stk--is-slide stk--arrows-justify-space-between stk--arrows-align-center stk-block stk-40182ef\" data-slides-to-show=\"\" data-block-id=\"40182ef\"><div class=\"stk-block-carousel__content-wrapper\"><div class=\"stk-row stk-inner-blocks stk-block-content stk-block-carousel__slider-wrapper stk-content-align stk-40182ef-column\"><div class=\"stk-block-carousel__slider\" role=\"list\" data-autoplay=\"4000\" data-label-slide-of=\"Slide %%d of %%d\" tabindex=\"0\">\n<div class=\"wp-block-stackable-column stk-block-column stk-column stk-block stk-ff8e99e\" data-v=\"4\" data-block-id=\"ff8e99e\"><div class=\"stk-column-wrapper stk-block-column__content stk-container stk-ff8e99e-container stk--no-background stk--no-padding\"><div class=\"stk-block-content stk-inner-blocks stk-ff8e99e-inner-blocks\">\n<figure class=\"wp-block-image size-large\"><img loading=\"lazy\" decoding=\"async\" width=\"819\" height=\"1024\" src=\"http:\/\/proreitoria.uea.edu.br\/propesp\/wp-content\/uploads\/2026\/03\/12-819x1024.png\" alt=\"\" class=\"wp-image-2332\" srcset=\"http:\/\/proreitoria.uea.edu.br\/propesp\/wp-content\/uploads\/2026\/03\/12-819x1024.png 819w, http:\/\/proreitoria.uea.edu.br\/propesp\/wp-content\/uploads\/2026\/03\/12-240x300.png 240w, http:\/\/proreitoria.uea.edu.br\/propesp\/wp-content\/uploads\/2026\/03\/12-768x960.png 768w, http:\/\/proreitoria.uea.edu.br\/propesp\/wp-content\/uploads\/2026\/03\/12.png 1080w\" sizes=\"auto, (max-width: 819px) 100vw, 819px\" \/><\/figure>\n<\/div><\/div><\/div>\n\n\n\n<div class=\"wp-block-stackable-column stk-block-column stk-column stk-block stk-d411765\" data-v=\"4\" data-block-id=\"d411765\"><div class=\"stk-column-wrapper stk-block-column__content stk-container stk-d411765-container stk--no-background stk--no-padding\"><div class=\"stk-block-content stk-inner-blocks stk-d411765-inner-blocks\">\n<figure class=\"wp-block-image size-large\"><img loading=\"lazy\" decoding=\"async\" width=\"819\" height=\"1024\" src=\"http:\/\/proreitoria.uea.edu.br\/propesp\/wp-content\/uploads\/2026\/03\/15-819x1024.png\" alt=\"\" class=\"wp-image-2333\" srcset=\"http:\/\/proreitoria.uea.edu.br\/propesp\/wp-content\/uploads\/2026\/03\/15-819x1024.png 819w, http:\/\/proreitoria.uea.edu.br\/propesp\/wp-content\/uploads\/2026\/03\/15-240x300.png 240w, http:\/\/proreitoria.uea.edu.br\/propesp\/wp-content\/uploads\/2026\/03\/15-768x960.png 768w, http:\/\/proreitoria.uea.edu.br\/propesp\/wp-content\/uploads\/2026\/03\/15.png 1080w\" sizes=\"auto, (max-width: 819px) 100vw, 819px\" \/><\/figure>\n<\/div><\/div><\/div>\n\n\n\n<div class=\"wp-block-stackable-column stk-block-column stk-column stk-block stk-2b1ebb4\" data-v=\"4\" data-block-id=\"2b1ebb4\"><div class=\"stk-column-wrapper stk-block-column__content stk-container stk-2b1ebb4-container stk--no-background stk--no-padding\"><div class=\"stk-block-content stk-inner-blocks stk-2b1ebb4-inner-blocks\">\n<figure class=\"wp-block-image size-large\"><img loading=\"lazy\" decoding=\"async\" width=\"819\" height=\"1024\" src=\"http:\/\/proreitoria.uea.edu.br\/propesp\/wp-content\/uploads\/2026\/03\/16-819x1024.png\" alt=\"\" class=\"wp-image-2334\" srcset=\"http:\/\/proreitoria.uea.edu.br\/propesp\/wp-content\/uploads\/2026\/03\/16-819x1024.png 819w, http:\/\/proreitoria.uea.edu.br\/propesp\/wp-content\/uploads\/2026\/03\/16-240x300.png 240w, http:\/\/proreitoria.uea.edu.br\/propesp\/wp-content\/uploads\/2026\/03\/16-768x960.png 768w, http:\/\/proreitoria.uea.edu.br\/propesp\/wp-content\/uploads\/2026\/03\/16.png 1080w\" sizes=\"auto, (max-width: 819px) 100vw, 819px\" \/><\/figure>\n<\/div><\/div><\/div>\n<\/div><div class=\"stk-block-carousel__buttons\"><button class=\"stk-block-carousel__button stk-block-carousel__button__prev\" aria-label=\"Previous slide\"><svg aria-hidden=\"true\" focusable=\"false\" data-prefix=\"fas\" data-icon=\"chevron-left\" class=\"svg-inline--fa fa-chevron-left\" xmlns=\"http:\/\/www.w3.org\/2000\/svg\" viewBox=\"0 0 320 512\" width=\"32\" height=\"32\"><path d=\"M34.52 239.03L228.87 44.69c9.37-9.37 24.57-9.37 33.94 0l22.67 22.67c9.36 9.36 9.37 24.52.04 33.9L131.49 256l154.02 154.75c9.34 9.38 9.32 24.54-.04 33.9l-22.67 22.67c-9.37 9.37-24.57 9.37-33.94 0L34.52 272.97c-9.37-9.37-9.37-24.57 0-33.94z\"><\/path><\/svg><\/button><button class=\"stk-block-carousel__button stk-block-carousel__button__next\" aria-label=\"Next slide\"><svg aria-hidden=\"true\" focusable=\"false\" data-prefix=\"fas\" data-icon=\"chevron-right\" class=\"svg-inline--fa fa-chevron-right\" xmlns=\"http:\/\/www.w3.org\/2000\/svg\" viewBox=\"0 0 320 512\" width=\"32\" height=\"32\"><path d=\"M285.476 272.971L91.132 467.314c-9.373 9.373-24.569 9.373-33.941 0l-22.667-22.667c-9.357-9.357-9.375-24.522-.04-33.901L188.505 256 34.484 101.255c-9.335-9.379-9.317-24.544.04-33.901l22.667-22.667c9.373-9.373 24.569-9.373 33.941 0L285.475 239.03c9.373 9.372 9.373 24.568.001 33.941z\"><\/path><\/svg><\/button><\/div><\/div><div class=\"stk-block-carousel__dots\" role=\"list\" data-label=\"Slide %%d\"><\/div><\/div><\/div>\n\n\n\n<p>A a\u00e7\u00e3o integra o Propesp Itinerante, que percorre os centros da UEA no interior do estado com o objetivo de ampliar o alcance das pol\u00edticas institucionais de ci\u00eancia e p\u00f3s-gradua\u00e7\u00e3o e fortalecer a produ\u00e7\u00e3o acad\u00eamica em todo o Amazonas.<\/p>\n\n\n\n<p><\/p>\n","protected":false},"excerpt":{"rendered":"<p>A Pr\u00f3-Reitoria de Pesquisa e P\u00f3s-Gradua\u00e7\u00e3o da Universidade do Estado do Amazonas (Propesp\/UEA) realizou uma visita institucional ao Centro de Estudos Superiores de Tef\u00e9 (Cest), no munic\u00edpio de Tef\u00e9, como parte das atividades do Propesp Itinerante. A iniciativa teve como objetivo aproximar a gest\u00e3o da pr\u00f3-reitoria das unidades do interior, fortalecendo a pesquisa, a inicia\u00e7\u00e3o [&hellip;]<\/p>\n","protected":false},"author":10,"featured_media":2327,"comment_status":"closed","ping_status":"closed","sticky":false,"template":"","format":"standard","meta":{"footnotes":""},"categories":[8,1],"tags":[],"class_list":["post-2315","post","type-post","status-publish","format-standard","has-post-thumbnail","hentry","category-comunidade-uea","category-pos-graduacao"],"blocksy_meta":[],"_links":{"self":[{"href":"http:\/\/proreitoria.uea.edu.br\/propesp\/index.php\/wp-json\/wp\/v2\/posts\/2315","targetHints":{"allow":["GET"]}}],"collection":[{"href":"http:\/\/proreitoria.uea.edu.br\/propesp\/index.php\/wp-json\/wp\/v2\/posts"}],"about":[{"href":"http:\/\/proreitoria.uea.edu.br\/propesp\/index.php\/wp-json\/wp\/v2\/types\/post"}],"author":[{"embeddable":true,"href":"http:\/\/proreitoria.uea.edu.br\/propesp\/index.php\/wp-json\/wp\/v2\/users\/10"}],"replies":[{"embeddable":true,"href":"http:\/\/proreitoria.uea.edu.br\/propesp\/index.php\/wp-json\/wp\/v2\/comments?post=2315"}],"version-history":[{"count":2,"href":"http:\/\/proreitoria.uea.edu.br\/propesp\/index.php\/wp-json\/wp\/v2\/posts\/2315\/revisions"}],"predecessor-version":[{"id":2335,"href":"http:\/\/proreitoria.uea.edu.br\/propesp\/index.php\/wp-json\/wp\/v2\/posts\/2315\/revisions\/2335"}],"wp:featuredmedia":[{"embeddable":true,"href":"http:\/\/proreitoria.uea.edu.br\/propesp\/index.php\/wp-json\/wp\/v2\/media\/2327"}],"wp:attachment":[{"href":"http:\/\/proreitoria.uea.edu.br\/propesp\/index.php\/wp-json\/wp\/v2\/media?parent=2315"}],"wp:term":[{"taxonomy":"category","embeddable":true,"href":"http:\/\/proreitoria.uea.edu.br\/propesp\/index.php\/wp-json\/wp\/v2\/categories?post=2315"},{"taxonomy":"post_tag","embeddable":true,"href":"http:\/\/proreitoria.uea.edu.br\/propesp\/index.php\/wp-json\/wp\/v2\/tags?post=2315"}],"curies":[{"name":"wp","href":"https:\/\/api.w.org\/{rel}","templated":true}]}}