{"id":2280,"date":"2026-03-10T14:12:47","date_gmt":"2026-03-10T18:12:47","guid":{"rendered":"http:\/\/proreitoria.uea.edu.br\/propesp\/?p=2280"},"modified":"2026-03-10T17:39:45","modified_gmt":"2026-03-10T21:39:45","slug":"uea-divulga-edital-de-bolsas-do-ppg-em-processos-e-tecnologias-educacionaisda-rede-profeducatec","status":"publish","type":"post","link":"http:\/\/proreitoria.uea.edu.br\/propesp\/index.php\/2026\/03\/10\/uea-divulga-edital-de-bolsas-do-ppg-em-processos-e-tecnologias-educacionaisda-rede-profeducatec\/","title":{"rendered":"UEA divulga edital de bolsas do PPG em Processos e Tecnologias Educacionais em rede nacional"},"content":{"rendered":"\n<p>A Universidade do Estado do Amazonas informa que est\u00e3o abertas as inscri\u00e7\u00f5es para o Edital de Bolsas n\u00ba 001\/2026 da Capes, destinado aos estudantes do Programa de P\u00f3s-Gradua\u00e7\u00e3o em Processos e Tecnologias Educacionais em Rede Nacional.<\/p>\n\n\n\n<p>A sele\u00e7\u00e3o estabelece normas para concess\u00e3o, renova\u00e7\u00e3o, interrup\u00e7\u00e3o, suspens\u00e3o e revoga\u00e7\u00e3o de bolsas de estudo destinadas a discentes regularmente matriculados no programa nas institui\u00e7\u00f5es associadas da rede.<\/p>\n\n\n\n<p>Na UEA, o edital est\u00e1 vinculado ao Centro de Estudos Superiores de Itacoatiara (Cesit\/UEA).<\/p>\n\n\n\n<p>Per\u00edodo de inscri\u00e7\u00e3o: 9 a 11 de mar\u00e7o de 2026.<\/p>\n\n\n\n<p>O programa re\u00fane diversas institui\u00e7\u00f5es de ensino superior do pa\u00eds, fortalecendo a forma\u00e7\u00e3o em educa\u00e7\u00e3o e tecnologias educacionais por meio de uma rede colaborativa de pesquisa e p\u00f3s-gradua\u00e7\u00e3o.<\/p>\n\n\n\n<p>Mais informa\u00e7\u00f5es e acesso ao edital:<br><a href=\"https:\/\/selecao1.uea.edu.br\/?dest=info&amp;selecao=15084\">https:\/\/selecao1.uea.edu.br\/?dest=info&amp;selecao=15084<\/a><\/p>\n\n\n\n<p><\/p>\n","protected":false},"excerpt":{"rendered":"<p>A Universidade do Estado do Amazonas informa que est\u00e3o abertas as inscri\u00e7\u00f5es para o Edital de Bolsas n\u00ba 001\/2026 da Capes, destinado aos estudantes do Programa de P\u00f3s-Gradua\u00e7\u00e3o em Processos e Tecnologias Educacionais em Rede Nacional. A sele\u00e7\u00e3o estabelece normas para concess\u00e3o, renova\u00e7\u00e3o, interrup\u00e7\u00e3o, suspens\u00e3o e revoga\u00e7\u00e3o de bolsas de estudo destinadas a discentes regularmente [&hellip;]<\/p>\n","protected":false},"author":10,"featured_media":2286,"comment_status":"closed","ping_status":"open","sticky":false,"template":"","format":"standard","meta":{"footnotes":""},"categories":[1],"tags":[],"class_list":["post-2280","post","type-post","status-publish","format-standard","has-post-thumbnail","hentry","category-pos-graduacao"],"blocksy_meta":[],"_links":{"self":[{"href":"http:\/\/proreitoria.uea.edu.br\/propesp\/index.php\/wp-json\/wp\/v2\/posts\/2280","targetHints":{"allow":["GET"]}}],"collection":[{"href":"http:\/\/proreitoria.uea.edu.br\/propesp\/index.php\/wp-json\/wp\/v2\/posts"}],"about":[{"href":"http:\/\/proreitoria.uea.edu.br\/propesp\/index.php\/wp-json\/wp\/v2\/types\/post"}],"author":[{"embeddable":true,"href":"http:\/\/proreitoria.uea.edu.br\/propesp\/index.php\/wp-json\/wp\/v2\/users\/10"}],"replies":[{"embeddable":true,"href":"http:\/\/proreitoria.uea.edu.br\/propesp\/index.php\/wp-json\/wp\/v2\/comments?post=2280"}],"version-history":[{"count":3,"href":"http:\/\/proreitoria.uea.edu.br\/propesp\/index.php\/wp-json\/wp\/v2\/posts\/2280\/revisions"}],"predecessor-version":[{"id":2304,"href":"http:\/\/proreitoria.uea.edu.br\/propesp\/index.php\/wp-json\/wp\/v2\/posts\/2280\/revisions\/2304"}],"wp:featuredmedia":[{"embeddable":true,"href":"http:\/\/proreitoria.uea.edu.br\/propesp\/index.php\/wp-json\/wp\/v2\/media\/2286"}],"wp:attachment":[{"href":"http:\/\/proreitoria.uea.edu.br\/propesp\/index.php\/wp-json\/wp\/v2\/media?parent=2280"}],"wp:term":[{"taxonomy":"category","embeddable":true,"href":"http:\/\/proreitoria.uea.edu.br\/propesp\/index.php\/wp-json\/wp\/v2\/categories?post=2280"},{"taxonomy":"post_tag","embeddable":true,"href":"http:\/\/proreitoria.uea.edu.br\/propesp\/index.php\/wp-json\/wp\/v2\/tags?post=2280"}],"curies":[{"name":"wp","href":"https:\/\/api.w.org\/{rel}","templated":true}]}}