{"id":2246,"date":"2026-03-10T09:37:01","date_gmt":"2026-03-10T13:37:01","guid":{"rendered":"http:\/\/proreitoria.uea.edu.br\/propesp\/?p=2246"},"modified":"2026-03-10T09:38:26","modified_gmt":"2026-03-10T13:38:26","slug":"uea-resaliza-aula-magna-do-profeducatec-em-itacoatiara","status":"publish","type":"post","link":"http:\/\/proreitoria.uea.edu.br\/propesp\/index.php\/2026\/03\/10\/uea-resaliza-aula-magna-do-profeducatec-em-itacoatiara\/","title":{"rendered":"UEA resaliza aula magna do ProfEducatec, em Itacoatiara"},"content":{"rendered":"\n<p>A Universidade do Estado do Amazonas (UEA) realizou, no dia 6 de mar\u00e7o, em Itacoatiara, a aula inaugural do Mestrado Profissional em Educa\u00e7\u00e3o (ProfEducatec) &#8211; Mestrado Profissional em Processos e Tecnologias Educacionais. A atividade integrou a programa\u00e7\u00e3o da aula magna promovida pela Coordena\u00e7\u00e3o Nacional do programa, realizada em transmiss\u00e3o on-line conjunta com a Universidade Estadual de Montes Claros (Unimontes), reunindo pr\u00f3-reitores e representantes das institui\u00e7\u00f5es de ensino superior que comp\u00f5em a rede.<\/p>\n\n\n\n<figure class=\"wp-block-image size-large\"><img loading=\"lazy\" decoding=\"async\" width=\"1024\" height=\"768\" src=\"http:\/\/proreitoria.uea.edu.br\/propesp\/wp-content\/uploads\/2026\/03\/WhatsApp-Image-2026-03-09-at-15.37.24-1024x768.jpeg\" alt=\"\" class=\"wp-image-2247\" srcset=\"http:\/\/proreitoria.uea.edu.br\/propesp\/wp-content\/uploads\/2026\/03\/WhatsApp-Image-2026-03-09-at-15.37.24-1024x768.jpeg 1024w, http:\/\/proreitoria.uea.edu.br\/propesp\/wp-content\/uploads\/2026\/03\/WhatsApp-Image-2026-03-09-at-15.37.24-300x225.jpeg 300w, http:\/\/proreitoria.uea.edu.br\/propesp\/wp-content\/uploads\/2026\/03\/WhatsApp-Image-2026-03-09-at-15.37.24-768x576.jpeg 768w, http:\/\/proreitoria.uea.edu.br\/propesp\/wp-content\/uploads\/2026\/03\/WhatsApp-Image-2026-03-09-at-15.37.24.jpeg 1280w\" sizes=\"auto, (max-width: 1024px) 100vw, 1024px\" \/><\/figure>\n\n\n\n<p>O encontro marcou o in\u00edcio das atividades acad\u00eamicas do programa e a recep\u00e7\u00e3o oficial dos novos mestrandos, fortalecendo a proposta de forma\u00e7\u00e3o voltada para professores da educa\u00e7\u00e3o b\u00e1sica e para o desenvolvimento de pr\u00e1ticas educacionais inovadoras mediadas por tecnologias. Durante a ocasi\u00e3o, o pr\u00f3-reitor de Pesquisa e P\u00f3s-Gradua\u00e7\u00e3o da UEA, Prof Dr. Roberto Mubarac, destacou a relev\u00e2ncia do programa e o papel da universidade na coordena\u00e7\u00e3o da rede nacional do ProfEducatec.<\/p>\n\n\n\n<div class=\"wp-block-media-text is-stacked-on-mobile is-image-fill-element\" style=\"grid-template-columns:44% auto\"><figure class=\"wp-block-media-text__media\"><img loading=\"lazy\" decoding=\"async\" width=\"1024\" height=\"768\" src=\"http:\/\/proreitoria.uea.edu.br\/propesp\/wp-content\/uploads\/2026\/03\/IMG_20260306_140716380_HDR2-1024x768.jpg\" alt=\"\" class=\"wp-image-2248 size-full\" style=\"object-position:50% 50%\" srcset=\"http:\/\/proreitoria.uea.edu.br\/propesp\/wp-content\/uploads\/2026\/03\/IMG_20260306_140716380_HDR2-1024x768.jpg 1024w, http:\/\/proreitoria.uea.edu.br\/propesp\/wp-content\/uploads\/2026\/03\/IMG_20260306_140716380_HDR2-300x225.jpg 300w, http:\/\/proreitoria.uea.edu.br\/propesp\/wp-content\/uploads\/2026\/03\/IMG_20260306_140716380_HDR2-768x576.jpg 768w, http:\/\/proreitoria.uea.edu.br\/propesp\/wp-content\/uploads\/2026\/03\/IMG_20260306_140716380_HDR2-1536x1152.jpg 1536w, http:\/\/proreitoria.uea.edu.br\/propesp\/wp-content\/uploads\/2026\/03\/IMG_20260306_140716380_HDR2-2048x1536.jpg 2048w\" sizes=\"auto, (max-width: 1024px) 100vw, 1024px\" \/><\/figure><div class=\"wp-block-media-text__content\">\n<p>\u201cHoje \u00e9 um dia muito especial para n\u00f3s da Universidade do Estado do Amazonas e, principalmente, por estarmos aqui em Itacoatiara para a aula inaugural do Mestrado Profissional em Processos e Tecnologias Educacionais. Este \u00e9 um programa que foi pensado com nove universidades estaduais brasileiras, presente nas cinco regi\u00f5es do pa\u00eds e, sobretudo, no interior dos estados. Isso potencializa a forma\u00e7\u00e3o dos nossos professores da educa\u00e7\u00e3o b\u00e1sica e refor\u00e7a o compromisso das nossas institui\u00e7\u00f5es com essa forma\u00e7\u00e3o\u201d, afirmou.<\/p>\n<\/div><\/div>\n\n\n\n<p>O professor tamb\u00e9m ressaltou o orgulho da UEA em coordenar a rede nacional do programa, destacando que essa \u00e9 uma iniciativa in\u00e9dita para a institui\u00e7\u00e3o. \u201cA UEA tem muito orgulho de coordenar essa rede. Para n\u00f3s, \u00e9 algo in\u00e9dito assumir essa coordena\u00e7\u00e3o nacional. Quero agradecer ao nosso reitor e \u00e0 nossa vice-reitora, respectivamente o professor Zogahib e a professora K\u00e1tia, pelo apoio ao programa, al\u00e9m da professora Elis\u00e2ngela, que assumiu esse compromisso quando foi demandada, e a todos os professores envolvidos\u201d, destacou.<\/p>\n\n\n\n<p>Ao final de sua fala, o pr\u00f3-reitor tamb\u00e9m deu as boas-vindas aos novos estudantes. \u201cQuero agradecer a todos os mestrandos que agora fazem parte dessa grande fam\u00edlia. Os desafios come\u00e7am agora, daqui para frente, e tenho certeza de que faremos o melhor poss\u00edvel para que este mestrado se torne uma refer\u00eancia nacional.\u201d<\/p>\n\n\n\n<p>A realiza\u00e7\u00e3o da aula inaugural em Itacoatiara refor\u00e7a o compromisso da UEA com a interioriza\u00e7\u00e3o da p\u00f3s-gradua\u00e7\u00e3o e com a qualifica\u00e7\u00e3o de profissionais da educa\u00e7\u00e3o, contribuindo para o fortalecimento da pesquisa e da inova\u00e7\u00e3o educacional na regi\u00e3o amaz\u00f4nica.<\/p>\n\n\n\n<div class=\"wp-block-stackable-carousel stk-block-carousel stk--is-slide stk--arrows-justify-space-between stk--arrows-align-center stk-block stk-9b08f0c\" data-slides-to-show=\"\" data-block-id=\"9b08f0c\"><div class=\"stk-block-carousel__content-wrapper\"><div class=\"stk-row stk-inner-blocks stk-block-content stk-block-carousel__slider-wrapper stk-content-align stk-9b08f0c-column\"><div class=\"stk-block-carousel__slider\" role=\"list\" data-autoplay=\"4000\" data-label-slide-of=\"Slide %%d of %%d\" tabindex=\"0\">\n<div class=\"wp-block-stackable-column stk-block-column stk-column stk-block stk-a0082fb\" data-v=\"4\" data-block-id=\"a0082fb\"><div class=\"stk-column-wrapper stk-block-column__content stk-container stk-a0082fb-container stk--no-background stk--no-padding\"><div class=\"stk-block-content stk-inner-blocks stk-a0082fb-inner-blocks\">\n<figure class=\"wp-block-image size-large\"><img loading=\"lazy\" decoding=\"async\" width=\"1024\" height=\"768\" src=\"http:\/\/proreitoria.uea.edu.br\/propesp\/wp-content\/uploads\/2026\/03\/IMG-20260306-WA0051-1024x768.jpg\" alt=\"\" class=\"wp-image-2249\" srcset=\"http:\/\/proreitoria.uea.edu.br\/propesp\/wp-content\/uploads\/2026\/03\/IMG-20260306-WA0051-1024x768.jpg 1024w, http:\/\/proreitoria.uea.edu.br\/propesp\/wp-content\/uploads\/2026\/03\/IMG-20260306-WA0051-300x225.jpg 300w, http:\/\/proreitoria.uea.edu.br\/propesp\/wp-content\/uploads\/2026\/03\/IMG-20260306-WA0051-768x576.jpg 768w, http:\/\/proreitoria.uea.edu.br\/propesp\/wp-content\/uploads\/2026\/03\/IMG-20260306-WA0051-1536x1152.jpg 1536w, http:\/\/proreitoria.uea.edu.br\/propesp\/wp-content\/uploads\/2026\/03\/IMG-20260306-WA0051.jpg 1600w\" sizes=\"auto, (max-width: 1024px) 100vw, 1024px\" \/><\/figure>\n<\/div><\/div><\/div>\n\n\n\n<div class=\"wp-block-stackable-column stk-block-column stk-column stk-block stk-7c534c4\" data-v=\"4\" data-block-id=\"7c534c4\"><div class=\"stk-column-wrapper stk-block-column__content stk-container stk-7c534c4-container stk--no-background stk--no-padding\"><div class=\"stk-block-content stk-inner-blocks stk-7c534c4-inner-blocks\">\n<figure class=\"wp-block-image size-large\"><img loading=\"lazy\" decoding=\"async\" width=\"1024\" height=\"682\" src=\"http:\/\/proreitoria.uea.edu.br\/propesp\/wp-content\/uploads\/2026\/03\/IMG-20260305-WA0026-1024x682.jpg\" alt=\"\" class=\"wp-image-2251\" style=\"aspect-ratio:4\/3;object-fit:cover\" srcset=\"http:\/\/proreitoria.uea.edu.br\/propesp\/wp-content\/uploads\/2026\/03\/IMG-20260305-WA0026-1024x682.jpg 1024w, http:\/\/proreitoria.uea.edu.br\/propesp\/wp-content\/uploads\/2026\/03\/IMG-20260305-WA0026-300x200.jpg 300w, http:\/\/proreitoria.uea.edu.br\/propesp\/wp-content\/uploads\/2026\/03\/IMG-20260305-WA0026-768x512.jpg 768w, http:\/\/proreitoria.uea.edu.br\/propesp\/wp-content\/uploads\/2026\/03\/IMG-20260305-WA0026-1536x1023.jpg 1536w, http:\/\/proreitoria.uea.edu.br\/propesp\/wp-content\/uploads\/2026\/03\/IMG-20260305-WA0026.jpg 1600w\" sizes=\"auto, (max-width: 1024px) 100vw, 1024px\" \/><\/figure>\n<\/div><\/div><\/div>\n\n\n\n<div class=\"wp-block-stackable-column stk-block-column stk-column stk-block stk-ff6d301\" data-v=\"4\" data-block-id=\"ff6d301\"><div class=\"stk-column-wrapper stk-block-column__content stk-container stk-ff6d301-container stk--no-background stk--no-padding\"><div class=\"stk-block-content stk-inner-blocks stk-ff6d301-inner-blocks\">\n<figure class=\"wp-block-image size-large\"><img loading=\"lazy\" decoding=\"async\" width=\"1024\" height=\"779\" src=\"http:\/\/proreitoria.uea.edu.br\/propesp\/wp-content\/uploads\/2026\/03\/Screenshot_20260304-212634_Instagram3-1024x779.jpg\" alt=\"\" class=\"wp-image-2254\" srcset=\"http:\/\/proreitoria.uea.edu.br\/propesp\/wp-content\/uploads\/2026\/03\/Screenshot_20260304-212634_Instagram3-1024x779.jpg 1024w, http:\/\/proreitoria.uea.edu.br\/propesp\/wp-content\/uploads\/2026\/03\/Screenshot_20260304-212634_Instagram3-300x228.jpg 300w, http:\/\/proreitoria.uea.edu.br\/propesp\/wp-content\/uploads\/2026\/03\/Screenshot_20260304-212634_Instagram3-768x584.jpg 768w, http:\/\/proreitoria.uea.edu.br\/propesp\/wp-content\/uploads\/2026\/03\/Screenshot_20260304-212634_Instagram3.jpg 1202w\" sizes=\"auto, (max-width: 1024px) 100vw, 1024px\" \/><\/figure>\n<\/div><\/div><\/div>\n<\/div><div class=\"stk-block-carousel__buttons\"><button class=\"stk-block-carousel__button stk-block-carousel__button__prev\" aria-label=\"Previous slide\"><svg aria-hidden=\"true\" focusable=\"false\" data-prefix=\"fas\" data-icon=\"chevron-left\" class=\"svg-inline--fa fa-chevron-left\" xmlns=\"http:\/\/www.w3.org\/2000\/svg\" viewBox=\"0 0 320 512\" width=\"32\" height=\"32\"><path d=\"M34.52 239.03L228.87 44.69c9.37-9.37 24.57-9.37 33.94 0l22.67 22.67c9.36 9.36 9.37 24.52.04 33.9L131.49 256l154.02 154.75c9.34 9.38 9.32 24.54-.04 33.9l-22.67 22.67c-9.37 9.37-24.57 9.37-33.94 0L34.52 272.97c-9.37-9.37-9.37-24.57 0-33.94z\"><\/path><\/svg><\/button><button class=\"stk-block-carousel__button stk-block-carousel__button__next\" aria-label=\"Next slide\"><svg aria-hidden=\"true\" focusable=\"false\" data-prefix=\"fas\" data-icon=\"chevron-right\" class=\"svg-inline--fa fa-chevron-right\" xmlns=\"http:\/\/www.w3.org\/2000\/svg\" viewBox=\"0 0 320 512\" width=\"32\" height=\"32\"><path d=\"M285.476 272.971L91.132 467.314c-9.373 9.373-24.569 9.373-33.941 0l-22.667-22.667c-9.357-9.357-9.375-24.522-.04-33.901L188.505 256 34.484 101.255c-9.335-9.379-9.317-24.544.04-33.901l22.667-22.667c9.373-9.373 24.569-9.373 33.941 0L285.475 239.03c9.373 9.372 9.373 24.568.001 33.941z\"><\/path><\/svg><\/button><\/div><\/div><div class=\"stk-block-carousel__dots\" role=\"list\" data-label=\"Slide %%d\"><\/div><\/div><\/div>\n\n\n\n<p><\/p>\n","protected":false},"excerpt":{"rendered":"<p>A Universidade do Estado do Amazonas (UEA) realizou, no dia 6 de mar\u00e7o, em Itacoatiara, a aula inaugural do Mestrado Profissional em Educa\u00e7\u00e3o (ProfEducatec) &#8211; Mestrado Profissional em Processos e Tecnologias Educacionais. A atividade integrou a programa\u00e7\u00e3o da aula magna promovida pela Coordena\u00e7\u00e3o Nacional do programa, realizada em transmiss\u00e3o on-line conjunta com a Universidade Estadual [&hellip;]<\/p>\n","protected":false},"author":10,"featured_media":2247,"comment_status":"closed","ping_status":"open","sticky":false,"template":"","format":"standard","meta":{"footnotes":""},"categories":[1],"tags":[],"class_list":["post-2246","post","type-post","status-publish","format-standard","has-post-thumbnail","hentry","category-pos-graduacao"],"blocksy_meta":[],"_links":{"self":[{"href":"http:\/\/proreitoria.uea.edu.br\/propesp\/index.php\/wp-json\/wp\/v2\/posts\/2246","targetHints":{"allow":["GET"]}}],"collection":[{"href":"http:\/\/proreitoria.uea.edu.br\/propesp\/index.php\/wp-json\/wp\/v2\/posts"}],"about":[{"href":"http:\/\/proreitoria.uea.edu.br\/propesp\/index.php\/wp-json\/wp\/v2\/types\/post"}],"author":[{"embeddable":true,"href":"http:\/\/proreitoria.uea.edu.br\/propesp\/index.php\/wp-json\/wp\/v2\/users\/10"}],"replies":[{"embeddable":true,"href":"http:\/\/proreitoria.uea.edu.br\/propesp\/index.php\/wp-json\/wp\/v2\/comments?post=2246"}],"version-history":[{"count":2,"href":"http:\/\/proreitoria.uea.edu.br\/propesp\/index.php\/wp-json\/wp\/v2\/posts\/2246\/revisions"}],"predecessor-version":[{"id":2256,"href":"http:\/\/proreitoria.uea.edu.br\/propesp\/index.php\/wp-json\/wp\/v2\/posts\/2246\/revisions\/2256"}],"wp:featuredmedia":[{"embeddable":true,"href":"http:\/\/proreitoria.uea.edu.br\/propesp\/index.php\/wp-json\/wp\/v2\/media\/2247"}],"wp:attachment":[{"href":"http:\/\/proreitoria.uea.edu.br\/propesp\/index.php\/wp-json\/wp\/v2\/media?parent=2246"}],"wp:term":[{"taxonomy":"category","embeddable":true,"href":"http:\/\/proreitoria.uea.edu.br\/propesp\/index.php\/wp-json\/wp\/v2\/categories?post=2246"},{"taxonomy":"post_tag","embeddable":true,"href":"http:\/\/proreitoria.uea.edu.br\/propesp\/index.php\/wp-json\/wp\/v2\/tags?post=2246"}],"curies":[{"name":"wp","href":"https:\/\/api.w.org\/{rel}","templated":true}]}}