{"id":1992,"date":"2026-02-06T15:29:33","date_gmt":"2026-02-06T19:29:33","guid":{"rendered":"http:\/\/proreitoria.uea.edu.br\/propesp\/?p=1992"},"modified":"2026-03-03T09:19:06","modified_gmt":"2026-03-03T13:19:06","slug":"uea-e-ufsc-disponivel-resultado-preliminar-das-vagas-remanescentes-do-dinter-em-engenharia-de-producao","status":"publish","type":"post","link":"http:\/\/proreitoria.uea.edu.br\/propesp\/index.php\/2026\/02\/06\/uea-e-ufsc-disponivel-resultado-preliminar-das-vagas-remanescentes-do-dinter-em-engenharia-de-producao\/","title":{"rendered":"UEA e UFSC: Dispon\u00edvel resultado preliminar das vagas remanescentes do Dinter em Engenharia de Produ\u00e7\u00e3o"},"content":{"rendered":"\n<p>Nesta sexta-feira (30\/1), foi divulgado o <strong>resultado preliminar<\/strong> do <strong>edital suplementar de vagas remanescentes<\/strong> do <strong>Projeto de Coopera\u00e7\u00e3o entre Institui\u00e7\u00f5es para Qualifica\u00e7\u00e3o de Profissionais de N\u00edvel Superior (PCI)<\/strong> \u2013 <strong>Doutorado Interinstitucional (Dinter) em Engenharia de Produ\u00e7\u00e3o<\/strong>. A iniciativa \u00e9 fruto da parceria entre a <strong>Universidade do Estado do Amazonas (UEA)<\/strong> e a <strong>Universidade Federal de Santa Catarina (UFSC)<\/strong>.<\/p>\n\n\n\n<p>Conforme o documento, constam como <strong>aprovados(as)<\/strong> no resultado preliminar: <strong>Ricardo de Almeida Breves<\/strong>, <strong>Leopoldo Euler Marialva de Albuquerque<\/strong>, <strong>Atila de Oliveira Souto<\/strong>, <strong>\u00c1tila Martins Lucas<\/strong> e <strong>Ricardo Augusto Luni\u00e8re Fonseca<\/strong>. O chamamento dos(as) candidatos(as) ocorrer\u00e1 <strong>conforme a disponibilidade de vagas<\/strong>, conforme previsto no edital suplementar.<\/p>\n\n\n\n<p>O resultado preliminar est\u00e1 dispon\u00edvel em: <a href=\"https:\/\/ppgep.ufsc.br\/edital-suplementar-pci-2026-vagas-remanescentes\/\">https:\/\/ppgep.ufsc.br\/edital-suplementar-pci-2026-vagas-remanescentes\/<\/a><br><br>Por: <a href=\"http:\/\/www.uea.edu.br\/index.php\/author\/agonzalez\/\">Amanda Gonzalez<\/a><\/p>\n\n\n\n<p><\/p>\n","protected":false},"excerpt":{"rendered":"<p>Per\u00edodo de recursos ao resultado da sele\u00e7\u00e3o deve ser feito de 6 a 8 de fevereiro<\/p>\n","protected":false},"author":10,"featured_media":1993,"comment_status":"closed","ping_status":"closed","sticky":false,"template":"","format":"standard","meta":{"footnotes":""},"categories":[8,1],"tags":[],"class_list":["post-1992","post","type-post","status-publish","format-standard","has-post-thumbnail","hentry","category-comunidade-uea","category-pos-graduacao"],"blocksy_meta":[],"_links":{"self":[{"href":"http:\/\/proreitoria.uea.edu.br\/propesp\/index.php\/wp-json\/wp\/v2\/posts\/1992","targetHints":{"allow":["GET"]}}],"collection":[{"href":"http:\/\/proreitoria.uea.edu.br\/propesp\/index.php\/wp-json\/wp\/v2\/posts"}],"about":[{"href":"http:\/\/proreitoria.uea.edu.br\/propesp\/index.php\/wp-json\/wp\/v2\/types\/post"}],"author":[{"embeddable":true,"href":"http:\/\/proreitoria.uea.edu.br\/propesp\/index.php\/wp-json\/wp\/v2\/users\/10"}],"replies":[{"embeddable":true,"href":"http:\/\/proreitoria.uea.edu.br\/propesp\/index.php\/wp-json\/wp\/v2\/comments?post=1992"}],"version-history":[{"count":1,"href":"http:\/\/proreitoria.uea.edu.br\/propesp\/index.php\/wp-json\/wp\/v2\/posts\/1992\/revisions"}],"predecessor-version":[{"id":1994,"href":"http:\/\/proreitoria.uea.edu.br\/propesp\/index.php\/wp-json\/wp\/v2\/posts\/1992\/revisions\/1994"}],"wp:featuredmedia":[{"embeddable":true,"href":"http:\/\/proreitoria.uea.edu.br\/propesp\/index.php\/wp-json\/wp\/v2\/media\/1993"}],"wp:attachment":[{"href":"http:\/\/proreitoria.uea.edu.br\/propesp\/index.php\/wp-json\/wp\/v2\/media?parent=1992"}],"wp:term":[{"taxonomy":"category","embeddable":true,"href":"http:\/\/proreitoria.uea.edu.br\/propesp\/index.php\/wp-json\/wp\/v2\/categories?post=1992"},{"taxonomy":"post_tag","embeddable":true,"href":"http:\/\/proreitoria.uea.edu.br\/propesp\/index.php\/wp-json\/wp\/v2\/tags?post=1992"}],"curies":[{"name":"wp","href":"https:\/\/api.w.org\/{rel}","templated":true}]}}