{"id":1904,"date":"2026-02-04T07:15:02","date_gmt":"2026-02-04T11:15:02","guid":{"rendered":"http:\/\/proreitoria.uea.edu.br\/propesp\/?p=1904"},"modified":"2026-02-04T07:25:19","modified_gmt":"2026-02-04T11:25:19","slug":"uea-recebe-delegacao-da-embaixada-da-irlanda-e-fortalece-dialogos-e-parcerias-institucionais","status":"publish","type":"post","link":"http:\/\/proreitoria.uea.edu.br\/propesp\/index.php\/2026\/02\/04\/uea-recebe-delegacao-da-embaixada-da-irlanda-e-fortalece-dialogos-e-parcerias-institucionais\/","title":{"rendered":"UEA recebe delega\u00e7\u00e3o da Embaixada da Irlanda e fortalece di\u00e1logos e parcerias institucionais"},"content":{"rendered":"\n<p>A Universidade do Estado do Amazonas (UEA) recebeu, na manh\u00e3 desta ter\u00e7a-feira (3\/2), a delega\u00e7\u00e3o da Embaixada da Irlanda em uma reuni\u00e3o institucional que refor\u00e7a o di\u00e1logo e amplia as parcerias estrat\u00e9gicas voltadas \u00e0 coopera\u00e7\u00e3o acad\u00eamica, cient\u00edfica e \u00e0 internacionaliza\u00e7\u00e3o da universidade.<\/p>\n\n\n\n<p>A comitiva irlandesa foi recebida pelo pr\u00f3-reitor de Pesquisa e P\u00f3s-Gradua\u00e7\u00e3o da UEA, Prof. Dr. Roberto Mubarac, juntamente com a Prof.\u00aa Dra. Silvia Maria da Silveira Loureiro, al\u00e9m da Prof.\u00aa Dra. Van\u00fabia Moncayo, diretora da Assessoria de Rela\u00e7\u00f5es Internacionais (ARI) da UEA, e o Prof. Dr. Isaque Sousa, chefe de gabinete do reitor da universidade.<\/p>\n\n\n\n<div class=\"wp-block-stackable-image stk-block-image stk-block stk-fd87246\" data-block-id=\"fd87246\"><figure><span class=\"stk-img-wrapper stk-image--shape-stretch\"><img loading=\"lazy\" decoding=\"async\" class=\"stk-img wp-image-1905\" src=\"http:\/\/proreitoria.uea.edu.br\/propesp\/wp-content\/uploads\/2026\/02\/WhatsApp-Image-2026-02-03-at-12.51.53.jpeg\" width=\"2560\" height=\"1706\" srcset=\"http:\/\/proreitoria.uea.edu.br\/propesp\/wp-content\/uploads\/2026\/02\/WhatsApp-Image-2026-02-03-at-12.51.53.jpeg 2560w, http:\/\/proreitoria.uea.edu.br\/propesp\/wp-content\/uploads\/2026\/02\/WhatsApp-Image-2026-02-03-at-12.51.53-300x200.jpeg 300w, http:\/\/proreitoria.uea.edu.br\/propesp\/wp-content\/uploads\/2026\/02\/WhatsApp-Image-2026-02-03-at-12.51.53-1024x682.jpeg 1024w, http:\/\/proreitoria.uea.edu.br\/propesp\/wp-content\/uploads\/2026\/02\/WhatsApp-Image-2026-02-03-at-12.51.53-768x512.jpeg 768w, http:\/\/proreitoria.uea.edu.br\/propesp\/wp-content\/uploads\/2026\/02\/WhatsApp-Image-2026-02-03-at-12.51.53-1536x1024.jpeg 1536w, http:\/\/proreitoria.uea.edu.br\/propesp\/wp-content\/uploads\/2026\/02\/WhatsApp-Image-2026-02-03-at-12.51.53-2048x1365.jpeg 2048w\" sizes=\"auto, (max-width: 2560px) 100vw, 2560px\" \/><\/span><\/figure><\/div>\n\n\n\n<p>Representando a Embaixada da Irlanda, participaram do encontro: a c\u00f4nsul, Sophie McGuirk; o encarregado de neg\u00f3cios, Maurice Nolan; e a oficial de diplomacia p\u00fablica, Erica Meirelles.<\/p>\n\n\n\n<p>Durante a reuni\u00e3o, foram apresentados os eixos estrat\u00e9gicos da UEA na \u00e1rea de internacionaliza\u00e7\u00e3o, com \u00eanfase no fortalecimento da p\u00f3s-gradua\u00e7\u00e3o, na coopera\u00e7\u00e3o cient\u00edfica e na amplia\u00e7\u00e3o de redes institucionais com universidades e centros de pesquisa irlandeses.<\/p>\n\n\n\n<p>O di\u00e1logo abordou possibilidades de parcerias em mobilidade acad\u00eamica, interc\u00e2mbio de docentes e estudantes, projetos conjuntos de pesquisa e a\u00e7\u00f5es voltadas \u00e0 inova\u00e7\u00e3o e \u00e0 forma\u00e7\u00e3o de recursos humanos.<\/p>\n\n\n\n<p>Para o pr\u00f3-reitor de Pesquisa e P\u00f3s-Gradua\u00e7\u00e3o da UEA, Prof. Dr. Roberto Mubarac, a aproxima\u00e7\u00e3o com a Embaixada da Irlanda consolida a presen\u00e7a internacional da institui\u00e7\u00e3o. \u201cA coopera\u00e7\u00e3o internacional \u00e9 essencial para fortalecer nossa p\u00f3s-gradua\u00e7\u00e3o, ampliar a produ\u00e7\u00e3o cient\u00edfica e posicionar a UEA em redes globais de conhecimento\u201d, destacou.<\/p>\n\n\n\n<p>A iniciativa integra a pol\u00edtica institucional da UEA de intensificar seus v\u00ednculos internacionais, promovendo o di\u00e1logo, a troca de experi\u00eancias e a constru\u00e7\u00e3o de parcerias que impactam diretamente o desenvolvimento cient\u00edfico e educacional do Amazonas.<\/p>\n","protected":false},"excerpt":{"rendered":"<p>A Universidade do Estado do Amazonas (UEA) recebeu, na manh\u00e3 desta ter\u00e7a-feira (3\/2), a delega\u00e7\u00e3o da Embaixada da Irlanda em uma reuni\u00e3o institucional que refor\u00e7a o di\u00e1logo e amplia as parcerias estrat\u00e9gicas voltadas \u00e0 coopera\u00e7\u00e3o acad\u00eamica, cient\u00edfica e \u00e0 internacionaliza\u00e7\u00e3o da universidade. A comitiva irlandesa foi recebida pelo pr\u00f3-reitor de Pesquisa e P\u00f3s-Gradua\u00e7\u00e3o da UEA, [&hellip;]<\/p>\n","protected":false},"author":10,"featured_media":1905,"comment_status":"open","ping_status":"open","sticky":false,"template":"","format":"standard","meta":{"footnotes":""},"categories":[1],"tags":[],"class_list":["post-1904","post","type-post","status-publish","format-standard","has-post-thumbnail","hentry","category-pos-graduacao"],"blocksy_meta":[],"_links":{"self":[{"href":"http:\/\/proreitoria.uea.edu.br\/propesp\/index.php\/wp-json\/wp\/v2\/posts\/1904","targetHints":{"allow":["GET"]}}],"collection":[{"href":"http:\/\/proreitoria.uea.edu.br\/propesp\/index.php\/wp-json\/wp\/v2\/posts"}],"about":[{"href":"http:\/\/proreitoria.uea.edu.br\/propesp\/index.php\/wp-json\/wp\/v2\/types\/post"}],"author":[{"embeddable":true,"href":"http:\/\/proreitoria.uea.edu.br\/propesp\/index.php\/wp-json\/wp\/v2\/users\/10"}],"replies":[{"embeddable":true,"href":"http:\/\/proreitoria.uea.edu.br\/propesp\/index.php\/wp-json\/wp\/v2\/comments?post=1904"}],"version-history":[{"count":1,"href":"http:\/\/proreitoria.uea.edu.br\/propesp\/index.php\/wp-json\/wp\/v2\/posts\/1904\/revisions"}],"predecessor-version":[{"id":1906,"href":"http:\/\/proreitoria.uea.edu.br\/propesp\/index.php\/wp-json\/wp\/v2\/posts\/1904\/revisions\/1906"}],"wp:featuredmedia":[{"embeddable":true,"href":"http:\/\/proreitoria.uea.edu.br\/propesp\/index.php\/wp-json\/wp\/v2\/media\/1905"}],"wp:attachment":[{"href":"http:\/\/proreitoria.uea.edu.br\/propesp\/index.php\/wp-json\/wp\/v2\/media?parent=1904"}],"wp:term":[{"taxonomy":"category","embeddable":true,"href":"http:\/\/proreitoria.uea.edu.br\/propesp\/index.php\/wp-json\/wp\/v2\/categories?post=1904"},{"taxonomy":"post_tag","embeddable":true,"href":"http:\/\/proreitoria.uea.edu.br\/propesp\/index.php\/wp-json\/wp\/v2\/tags?post=1904"}],"curies":[{"name":"wp","href":"https:\/\/api.w.org\/{rel}","templated":true}]}}