{"id":1876,"date":"2026-01-30T13:21:04","date_gmt":"2026-01-30T17:21:04","guid":{"rendered":"http:\/\/proreitoria.uea.edu.br\/propesp\/?p=1876"},"modified":"2026-01-30T13:23:05","modified_gmt":"2026-01-30T17:23:05","slug":"docente-da-uea-e-premiada-pela-fapeam-por-contribuicoes-a-ciencia-e-a-saude","status":"publish","type":"post","link":"http:\/\/proreitoria.uea.edu.br\/propesp\/index.php\/2026\/01\/30\/docente-da-uea-e-premiada-pela-fapeam-por-contribuicoes-a-ciencia-e-a-saude\/","title":{"rendered":"Docente da UEA \u00e9 premiada pela Fapeam por contribui\u00e7\u00f5es \u00e0 ci\u00eancia e \u00e0 sa\u00fade"},"content":{"rendered":"\n<p>A professora Dra. Gisely Cardoso, docente da Escola Superior de Ci\u00eancias da Sa\u00fade da Universidade do Estado do Amazonas (ESA\/UEA), foi uma das agraciadas com o Pr\u00eamio Fapeam de Ci\u00eancia, Tecnologia e Inova\u00e7\u00e3o (CT&amp;I) 2025, em cerim\u00f4nia realizada na quinta-feira (29\/1), na sede da Funda\u00e7\u00e3o de Amparo \u00e0 Pesquisa do Estado do Amazonas (Fapeam), no bairro Flores, zona Centro-Sul de Manaus.<\/p>\n\n\n\n<div class=\"wp-block-stackable-image stk-block-image stk-block stk-5156da9\" data-block-id=\"5156da9\"><figure><span class=\"stk-img-wrapper stk-image--shape-stretch\"><img loading=\"lazy\" decoding=\"async\" class=\"stk-img wp-image-1877\" src=\"http:\/\/proreitoria.uea.edu.br\/propesp\/wp-content\/uploads\/2026\/01\/348A0773.JPG-1024x683-1.jpeg\" width=\"1024\" height=\"683\" srcset=\"http:\/\/proreitoria.uea.edu.br\/propesp\/wp-content\/uploads\/2026\/01\/348A0773.JPG-1024x683-1.jpeg 1024w, http:\/\/proreitoria.uea.edu.br\/propesp\/wp-content\/uploads\/2026\/01\/348A0773.JPG-1024x683-1-300x200.jpeg 300w, http:\/\/proreitoria.uea.edu.br\/propesp\/wp-content\/uploads\/2026\/01\/348A0773.JPG-1024x683-1-768x512.jpeg 768w\" sizes=\"auto, (max-width: 1024px) 100vw, 1024px\" \/><\/span><\/figure><\/div>\n\n\n\n<p>A iniciativa reconhece, publicamente, pesquisadores e profissionais com trajet\u00f3ria de destaque e relevante atua\u00e7\u00e3o em prol do desenvolvimento cient\u00edfico, tecnol\u00f3gico, inovador, social, ambiental e econ\u00f4mico do estado do Amazonas.<\/p>\n\n\n\n<p>Coordenadora do Programa de P\u00f3s-Gradua\u00e7\u00e3o em Medicina Tropical (PPGMT) da UEA, em parceria com a Funda\u00e7\u00e3o de Medicina Tropical Dr. Heitor Vieira Dourado (FMT-HVD), a pesquisadora venceu na categoria Pesquisador Destaque, subcategoria Ci\u00eancias da Sa\u00fade. O reconhecimento \u00e9 resultado de sua trajet\u00f3ria acad\u00eamica e de suas contribui\u00e7\u00f5es significativas para a gera\u00e7\u00e3o de conhecimento por meio da pesquisa cient\u00edfica.<\/p>\n\n\n\n<p>Durante a cerim\u00f4nia, a professora destacou a emo\u00e7\u00e3o e o significado do pr\u00eamio ao longo de sua carreira. Segundo ela, cada conquista representa uma vida dedicada \u00e0 pesquisa e \u00e0 ci\u00eancia.<\/p>\n\n\n\n<p>Para a docente, iniciativas como o Pr\u00eamio Fapeam de CT&amp;I s\u00e3o fundamentais para estimular novos pesquisadores e incentivar, especialmente, a participa\u00e7\u00e3o de mulheres na ci\u00eancia, fortalecendo a forma\u00e7\u00e3o de recursos humanos qualificados no estado.<\/p>\n\n\n\n<p>O Pr\u00eamio Fapeam de CT&amp;I tem como objetivo valorizar a produ\u00e7\u00e3o cient\u00edfica desenvolvida no Amazonas, promover a populariza\u00e7\u00e3o da ci\u00eancia e dar visibilidade a pesquisas de grande potencial, que contribuem para o avan\u00e7o cient\u00edfico, tecnol\u00f3gico e inovador da regi\u00e3o. A premia\u00e7\u00e3o contempla quatro categorias: Pesquisador Destaque, Pesquisador Inovador, Profissionais de Comunica\u00e7\u00e3o e Professor Ci\u00eancia na Escola.<\/p>\n\n\n\n<p>A Pr\u00f3-Reitoria de Pesquisa e P\u00f3s-Gradua\u00e7\u00e3o parabeniza a professora Dra. Gisely Cardoso pela conquista e reafirma seu compromisso com o fortalecimento da pesquisa e da p\u00f3s-gradua\u00e7\u00e3o na UEA.<\/p>\n\n\n\n<p><\/p>\n","protected":false},"excerpt":{"rendered":"<p>A professora Dra. Gisely Cardoso, docente da Escola Superior de Ci\u00eancias da Sa\u00fade da Universidade do Estado do Amazonas (ESA\/UEA), foi uma das agraciadas com o Pr\u00eamio Fapeam de Ci\u00eancia, Tecnologia e Inova\u00e7\u00e3o (CT&amp;I) 2025, em cerim\u00f4nia realizada na quinta-feira (29\/1), na sede da Funda\u00e7\u00e3o de Amparo \u00e0 Pesquisa do Estado do Amazonas (Fapeam), no [&hellip;]<\/p>\n","protected":false},"author":10,"featured_media":1877,"comment_status":"closed","ping_status":"closed","sticky":false,"template":"","format":"standard","meta":{"footnotes":""},"categories":[2],"tags":[],"class_list":["post-1876","post","type-post","status-publish","format-standard","has-post-thumbnail","hentry","category-noticias"],"blocksy_meta":[],"_links":{"self":[{"href":"http:\/\/proreitoria.uea.edu.br\/propesp\/index.php\/wp-json\/wp\/v2\/posts\/1876","targetHints":{"allow":["GET"]}}],"collection":[{"href":"http:\/\/proreitoria.uea.edu.br\/propesp\/index.php\/wp-json\/wp\/v2\/posts"}],"about":[{"href":"http:\/\/proreitoria.uea.edu.br\/propesp\/index.php\/wp-json\/wp\/v2\/types\/post"}],"author":[{"embeddable":true,"href":"http:\/\/proreitoria.uea.edu.br\/propesp\/index.php\/wp-json\/wp\/v2\/users\/10"}],"replies":[{"embeddable":true,"href":"http:\/\/proreitoria.uea.edu.br\/propesp\/index.php\/wp-json\/wp\/v2\/comments?post=1876"}],"version-history":[{"count":3,"href":"http:\/\/proreitoria.uea.edu.br\/propesp\/index.php\/wp-json\/wp\/v2\/posts\/1876\/revisions"}],"predecessor-version":[{"id":1880,"href":"http:\/\/proreitoria.uea.edu.br\/propesp\/index.php\/wp-json\/wp\/v2\/posts\/1876\/revisions\/1880"}],"wp:featuredmedia":[{"embeddable":true,"href":"http:\/\/proreitoria.uea.edu.br\/propesp\/index.php\/wp-json\/wp\/v2\/media\/1877"}],"wp:attachment":[{"href":"http:\/\/proreitoria.uea.edu.br\/propesp\/index.php\/wp-json\/wp\/v2\/media?parent=1876"}],"wp:term":[{"taxonomy":"category","embeddable":true,"href":"http:\/\/proreitoria.uea.edu.br\/propesp\/index.php\/wp-json\/wp\/v2\/categories?post=1876"},{"taxonomy":"post_tag","embeddable":true,"href":"http:\/\/proreitoria.uea.edu.br\/propesp\/index.php\/wp-json\/wp\/v2\/tags?post=1876"}],"curies":[{"name":"wp","href":"https:\/\/api.w.org\/{rel}","templated":true}]}}