{"id":1806,"date":"2026-01-07T09:11:49","date_gmt":"2026-01-07T13:11:49","guid":{"rendered":"http:\/\/proreitoria.uea.edu.br\/propesp\/?p=1806"},"modified":"2026-01-07T09:12:36","modified_gmt":"2026-01-07T13:12:36","slug":"uea-abre-inscricoes-para-o-mestrado-profissional-em-saude-da-familia-profsaude","status":"publish","type":"post","link":"http:\/\/proreitoria.uea.edu.br\/propesp\/index.php\/2026\/01\/07\/uea-abre-inscricoes-para-o-mestrado-profissional-em-saude-da-familia-profsaude\/","title":{"rendered":"UEA abre inscri\u00e7\u00f5es para o Mestrado Profissional em Sa\u00fade da Fam\u00edlia (PROFSA\u00daDE)"},"content":{"rendered":"\n<p>A Universidade do Estado do Amazonas (UEA) est\u00e1 com inscri\u00e7\u00f5es abertas para o Edital n.\u00ba 01\/2025 do Programa de P\u00f3s-Gradua\u00e7\u00e3o em Sa\u00fade da Fam\u00edlia (PROFSA\u00daDE), referente ao Mestrado Profissional em Sa\u00fade da Fam\u00edlia em Rede Nacional, vinculado \u00e0 Escola Superior de Ci\u00eancias da Sa\u00fade (ESA).<\/p>\n\n\n\n<p>Ao todo, est\u00e3o sendo ofertadas 12 vagas. As inscri\u00e7\u00f5es seguem abertas at\u00e9 o dia 6 de mar\u00e7o de 2025.<\/p>\n\n\n\n<p>O edital completo, bem como todas as informa\u00e7\u00f5es sobre o processo seletivo, est\u00e3o dispon\u00edveis no site:<br><a href=\"https:\/\/selecao1.uea.edu.br\/?dest=info&amp;selecao=14004\">https:\/\/selecao1.uea.edu.br\/?dest=info&amp;selecao=14004<\/a><\/p>\n\n\n\n<p><\/p>\n","protected":false},"excerpt":{"rendered":"<p>A Universidade do Estado do Amazonas (UEA) est\u00e1 com inscri\u00e7\u00f5es abertas para o Edital n.\u00ba 01\/2025 do Programa de P\u00f3s-Gradua\u00e7\u00e3o em Sa\u00fade da Fam\u00edlia (PROFSA\u00daDE), referente ao Mestrado Profissional em Sa\u00fade da Fam\u00edlia em Rede Nacional, vinculado \u00e0 Escola Superior de Ci\u00eancias da Sa\u00fade (ESA). Ao todo, est\u00e3o sendo ofertadas 12 vagas. As inscri\u00e7\u00f5es seguem [&hellip;]<\/p>\n","protected":false},"author":10,"featured_media":1808,"comment_status":"closed","ping_status":"closed","sticky":false,"template":"","format":"standard","meta":{"footnotes":""},"categories":[8,1],"tags":[],"class_list":["post-1806","post","type-post","status-publish","format-standard","has-post-thumbnail","hentry","category-comunidade-uea","category-pos-graduacao"],"blocksy_meta":[],"_links":{"self":[{"href":"http:\/\/proreitoria.uea.edu.br\/propesp\/index.php\/wp-json\/wp\/v2\/posts\/1806","targetHints":{"allow":["GET"]}}],"collection":[{"href":"http:\/\/proreitoria.uea.edu.br\/propesp\/index.php\/wp-json\/wp\/v2\/posts"}],"about":[{"href":"http:\/\/proreitoria.uea.edu.br\/propesp\/index.php\/wp-json\/wp\/v2\/types\/post"}],"author":[{"embeddable":true,"href":"http:\/\/proreitoria.uea.edu.br\/propesp\/index.php\/wp-json\/wp\/v2\/users\/10"}],"replies":[{"embeddable":true,"href":"http:\/\/proreitoria.uea.edu.br\/propesp\/index.php\/wp-json\/wp\/v2\/comments?post=1806"}],"version-history":[{"count":1,"href":"http:\/\/proreitoria.uea.edu.br\/propesp\/index.php\/wp-json\/wp\/v2\/posts\/1806\/revisions"}],"predecessor-version":[{"id":1809,"href":"http:\/\/proreitoria.uea.edu.br\/propesp\/index.php\/wp-json\/wp\/v2\/posts\/1806\/revisions\/1809"}],"wp:featuredmedia":[{"embeddable":true,"href":"http:\/\/proreitoria.uea.edu.br\/propesp\/index.php\/wp-json\/wp\/v2\/media\/1808"}],"wp:attachment":[{"href":"http:\/\/proreitoria.uea.edu.br\/propesp\/index.php\/wp-json\/wp\/v2\/media?parent=1806"}],"wp:term":[{"taxonomy":"category","embeddable":true,"href":"http:\/\/proreitoria.uea.edu.br\/propesp\/index.php\/wp-json\/wp\/v2\/categories?post=1806"},{"taxonomy":"post_tag","embeddable":true,"href":"http:\/\/proreitoria.uea.edu.br\/propesp\/index.php\/wp-json\/wp\/v2\/tags?post=1806"}],"curies":[{"name":"wp","href":"https:\/\/api.w.org\/{rel}","templated":true}]}}