{"id":1789,"date":"2025-12-18T20:26:05","date_gmt":"2025-12-19T00:26:05","guid":{"rendered":"http:\/\/proreitoria.uea.edu.br\/propesp\/?p=1789"},"modified":"2025-12-18T20:30:03","modified_gmt":"2025-12-19T00:30:03","slug":"uea-lanca-edital-para-adesao-de-instituicoes-a-rede-nacional-do-profeducatec","status":"publish","type":"post","link":"http:\/\/proreitoria.uea.edu.br\/propesp\/index.php\/2025\/12\/18\/uea-lanca-edital-para-adesao-de-instituicoes-a-rede-nacional-do-profeducatec\/","title":{"rendered":"UEA lan\u00e7a edital para ades\u00e3o de institui\u00e7\u00f5es \u00e0 Rede Nacional do PROFEDUCATEC"},"content":{"rendered":"\n<p>A Pr\u00f3-Reitoria de Pesquisa e P\u00f3s-Gradua\u00e7\u00e3o (PROPESP) da Universidade do Estado do Amazonas (UEA) publicou o Edital n.\u00ba 02\/2025, que trata da chamada a propostas de ades\u00e3o \u00e0 Rede Nacional do Mestrado Profissional em Processos e Tecnologias Educacionais (PROFEDUCATEC).<\/p>\n\n\n\n<p>O edital convida Institui\u00e7\u00f5es P\u00fablicas Estaduais de Ensino Superior, legalmente institu\u00eddas no pa\u00eds, a apresentarem propostas de ades\u00e3o \u00e0 Rede, atualmente coordenada pela UEA e composta por institui\u00e7\u00f5es associadas de diferentes regi\u00f5es do Brasil. A iniciativa tem como objetivo ampliar e fortalecer a forma\u00e7\u00e3o stricto sensu voltada \u00e0 Educa\u00e7\u00e3o B\u00e1sica, com foco em processos inovadores, tecnologias educacionais e culturas digitais.<\/p>\n\n\n\n<p>As propostas devem ser submetidas no per\u00edodo de 18 a 30 de dezembro de 2025, conforme as orienta\u00e7\u00f5es, crit\u00e9rios e documentos exigidos no edital. Ap\u00f3s a etapa de an\u00e1lise institucional, o resultado final ser\u00e1 divulgado no dia 13 de janeiro de 2026. J\u00e1 o resultado da avalia\u00e7\u00e3o de m\u00e9rito pela Coordena\u00e7\u00e3o de Aperfei\u00e7oamento de Pessoal de N\u00edvel Superior (Capes) est\u00e1 previsto para o dia 1\u00ba de abril de 2026.<\/p>\n\n\n\n<p>A expans\u00e3o da Rede PROFEDUCATEC refor\u00e7a o compromisso da UEA com a qualifica\u00e7\u00e3o de profissionais da Educa\u00e7\u00e3o B\u00e1sica, a inova\u00e7\u00e3o educacional e o fortalecimento das pol\u00edticas p\u00fablicas de p\u00f3s-gradua\u00e7\u00e3o no pa\u00eds.<\/p>\n\n\n\n<p>\ud83d\udd17 Acesse o edital completo pelo link:<br><a href=\"https:\/\/drive.google.com\/file\/d\/1PhKDaTosahMFD5NqJzaXP2Gqkbd_F4HS\/view?usp=sharing\">EDITAL No 02\/2025 &#8211; MESTRADO PROFISSIONAL EM PROCESSOS E TECNOLOGIAS<\/a><\/p>\n\n\n\n<p><\/p>\n","protected":false},"excerpt":{"rendered":"<p>A Pr\u00f3-Reitoria de Pesquisa e P\u00f3s-Gradua\u00e7\u00e3o (PROPESP) da Universidade do Estado do Amazonas (UEA) publicou o Edital n.\u00ba 02\/2025, que trata da chamada a propostas de ades\u00e3o \u00e0 Rede Nacional do Mestrado Profissional em Processos e Tecnologias Educacionais (PROFEDUCATEC). O edital convida Institui\u00e7\u00f5es P\u00fablicas Estaduais de Ensino Superior, legalmente institu\u00eddas no pa\u00eds, a apresentarem propostas [&hellip;]<\/p>\n","protected":false},"author":10,"featured_media":1790,"comment_status":"closed","ping_status":"closed","sticky":false,"template":"","format":"standard","meta":{"footnotes":""},"categories":[1],"tags":[],"class_list":["post-1789","post","type-post","status-publish","format-standard","has-post-thumbnail","hentry","category-pos-graduacao"],"blocksy_meta":[],"_links":{"self":[{"href":"http:\/\/proreitoria.uea.edu.br\/propesp\/index.php\/wp-json\/wp\/v2\/posts\/1789","targetHints":{"allow":["GET"]}}],"collection":[{"href":"http:\/\/proreitoria.uea.edu.br\/propesp\/index.php\/wp-json\/wp\/v2\/posts"}],"about":[{"href":"http:\/\/proreitoria.uea.edu.br\/propesp\/index.php\/wp-json\/wp\/v2\/types\/post"}],"author":[{"embeddable":true,"href":"http:\/\/proreitoria.uea.edu.br\/propesp\/index.php\/wp-json\/wp\/v2\/users\/10"}],"replies":[{"embeddable":true,"href":"http:\/\/proreitoria.uea.edu.br\/propesp\/index.php\/wp-json\/wp\/v2\/comments?post=1789"}],"version-history":[{"count":2,"href":"http:\/\/proreitoria.uea.edu.br\/propesp\/index.php\/wp-json\/wp\/v2\/posts\/1789\/revisions"}],"predecessor-version":[{"id":1792,"href":"http:\/\/proreitoria.uea.edu.br\/propesp\/index.php\/wp-json\/wp\/v2\/posts\/1789\/revisions\/1792"}],"wp:featuredmedia":[{"embeddable":true,"href":"http:\/\/proreitoria.uea.edu.br\/propesp\/index.php\/wp-json\/wp\/v2\/media\/1790"}],"wp:attachment":[{"href":"http:\/\/proreitoria.uea.edu.br\/propesp\/index.php\/wp-json\/wp\/v2\/media?parent=1789"}],"wp:term":[{"taxonomy":"category","embeddable":true,"href":"http:\/\/proreitoria.uea.edu.br\/propesp\/index.php\/wp-json\/wp\/v2\/categories?post=1789"},{"taxonomy":"post_tag","embeddable":true,"href":"http:\/\/proreitoria.uea.edu.br\/propesp\/index.php\/wp-json\/wp\/v2\/tags?post=1789"}],"curies":[{"name":"wp","href":"https:\/\/api.w.org\/{rel}","templated":true}]}}