{"id":1786,"date":"2025-12-17T09:18:20","date_gmt":"2025-12-17T13:18:20","guid":{"rendered":"http:\/\/proreitoria.uea.edu.br\/propesp\/?p=1786"},"modified":"2025-12-17T09:18:45","modified_gmt":"2025-12-17T13:18:45","slug":"uea-abre-inscricoes-para-mestrado-em-biotecnologia-e-recursos-naturais","status":"publish","type":"post","link":"http:\/\/proreitoria.uea.edu.br\/propesp\/index.php\/2025\/12\/17\/uea-abre-inscricoes-para-mestrado-em-biotecnologia-e-recursos-naturais\/","title":{"rendered":"UEA abre inscri\u00e7\u00f5es para Mestrado em Biotecnologia e Recursos Naturais"},"content":{"rendered":"\n<p>A Universidade do Estado do Amazonas (UEA) est\u00e1 com inscri\u00e7\u00f5es abertas para o Processo Seletivo do Curso de Mestrado em Biotecnologia e Recursos Naturais, ofertado pelo Programa de P\u00f3s-Gradua\u00e7\u00e3o em Biotecnologia e Recursos Naturais, para ingresso no ano acad\u00eamico de 2026.<\/p>\n\n\n\n<p>O curso tem como objetivo formar recursos humanos qualificados para atua\u00e7\u00e3o cient\u00edfica e tecnol\u00f3gica nas \u00e1reas de biotecnologia, biodiversidade e uso sustent\u00e1vel dos recursos naturais, contribuindo para o desenvolvimento cient\u00edfico e socioambiental da regi\u00e3o amaz\u00f4nica.<\/p>\n\n\n\n<p>As inscri\u00e7\u00f5es estar\u00e3o abertas no per\u00edodo de 15 a 31 de dezembro de 2025, conforme estabelece o Edital n\u00ba 140\/2025 \u2013 GR\/UEA.<\/p>\n\n\n\n<p>Podem se inscrever candidatos portadores de diploma de curso superior, conforme os crit\u00e9rios e requisitos previstos no edital.<\/p>\n\n\n\n<p>Os interessados poder\u00e3o acompanhar todas as etapas e informa\u00e7\u00f5es das inscri\u00e7\u00f5es por meio do link do edital: <\/p>\n\n\n\n<p><a href=\"https:\/\/selecao1.uea.edu.br\/?dest=info&amp;selecao=14064\">https:\/\/selecao1.uea.edu.br\/?dest=info&amp;selecao=14064<\/a><\/p>\n\n\n\n<p><\/p>\n","protected":false},"excerpt":{"rendered":"<p>A Universidade do Estado do Amazonas (UEA) est\u00e1 com inscri\u00e7\u00f5es abertas para o Processo Seletivo do Curso de Mestrado em Biotecnologia e Recursos Naturais, ofertado pelo Programa de P\u00f3s-Gradua\u00e7\u00e3o em Biotecnologia e Recursos Naturais, para ingresso no ano acad\u00eamico de 2026. O curso tem como objetivo formar recursos humanos qualificados para atua\u00e7\u00e3o cient\u00edfica e tecnol\u00f3gica [&hellip;]<\/p>\n","protected":false},"author":10,"featured_media":1787,"comment_status":"closed","ping_status":"closed","sticky":false,"template":"","format":"standard","meta":{"footnotes":""},"categories":[1],"tags":[],"class_list":["post-1786","post","type-post","status-publish","format-standard","has-post-thumbnail","hentry","category-pos-graduacao"],"blocksy_meta":[],"_links":{"self":[{"href":"http:\/\/proreitoria.uea.edu.br\/propesp\/index.php\/wp-json\/wp\/v2\/posts\/1786","targetHints":{"allow":["GET"]}}],"collection":[{"href":"http:\/\/proreitoria.uea.edu.br\/propesp\/index.php\/wp-json\/wp\/v2\/posts"}],"about":[{"href":"http:\/\/proreitoria.uea.edu.br\/propesp\/index.php\/wp-json\/wp\/v2\/types\/post"}],"author":[{"embeddable":true,"href":"http:\/\/proreitoria.uea.edu.br\/propesp\/index.php\/wp-json\/wp\/v2\/users\/10"}],"replies":[{"embeddable":true,"href":"http:\/\/proreitoria.uea.edu.br\/propesp\/index.php\/wp-json\/wp\/v2\/comments?post=1786"}],"version-history":[{"count":1,"href":"http:\/\/proreitoria.uea.edu.br\/propesp\/index.php\/wp-json\/wp\/v2\/posts\/1786\/revisions"}],"predecessor-version":[{"id":1788,"href":"http:\/\/proreitoria.uea.edu.br\/propesp\/index.php\/wp-json\/wp\/v2\/posts\/1786\/revisions\/1788"}],"wp:featuredmedia":[{"embeddable":true,"href":"http:\/\/proreitoria.uea.edu.br\/propesp\/index.php\/wp-json\/wp\/v2\/media\/1787"}],"wp:attachment":[{"href":"http:\/\/proreitoria.uea.edu.br\/propesp\/index.php\/wp-json\/wp\/v2\/media?parent=1786"}],"wp:term":[{"taxonomy":"category","embeddable":true,"href":"http:\/\/proreitoria.uea.edu.br\/propesp\/index.php\/wp-json\/wp\/v2\/categories?post=1786"},{"taxonomy":"post_tag","embeddable":true,"href":"http:\/\/proreitoria.uea.edu.br\/propesp\/index.php\/wp-json\/wp\/v2\/tags?post=1786"}],"curies":[{"name":"wp","href":"https:\/\/api.w.org\/{rel}","templated":true}]}}