{"id":1778,"date":"2025-12-12T14:42:30","date_gmt":"2025-12-12T18:42:30","guid":{"rendered":"http:\/\/proreitoria.uea.edu.br\/propesp\/?p=1778"},"modified":"2025-12-12T14:43:32","modified_gmt":"2025-12-12T18:43:32","slug":"grupo-de-pesquisa-do-ppgeec-uea-promove-exposicao-imersiva-com-arte-floresta-e-ciencia","status":"publish","type":"post","link":"http:\/\/proreitoria.uea.edu.br\/propesp\/index.php\/2025\/12\/12\/grupo-de-pesquisa-do-ppgeec-uea-promove-exposicao-imersiva-com-arte-floresta-e-ciencia\/","title":{"rendered":"Grupo de pesquisa do PPGEEC\/UEA promove exposi\u00e7\u00e3o imersiva com arte, floresta e ci\u00eancia"},"content":{"rendered":"\n<p>A Universidade do Estado do Amazonas (UEA), por meio do Grupo de Pesquisa Vidar em In-Tens\u00f5es, do Programa de P\u00f3s-Gradua\u00e7\u00e3o em Educa\u00e7\u00e3o em Ci\u00eancias na Amaz\u00f4nia (PPGEEC\/UEA), realiza a exposi\u00e7\u00e3o \u201cEm-Florestar: Exposi\u00e7\u00e3o art\u00edstico-cient\u00edfica em educa\u00e7\u00f5es amaz\u00f4nicas\u201d, instalada no corredor do Bosque da Ci\u00eancia, no Instituto Nacional de Pesquisas da Amaz\u00f4nia (Inpa). A mostra est\u00e1 aberta ao p\u00fablico at\u00e9 30 de janeiro de 2026.<\/p>\n\n\n\n<p>A iniciativa prop\u00f5e uma experi\u00eancia imersiva que entrela\u00e7a arte, floresta e ci\u00eancia, reunindo instala\u00e7\u00f5es interativas, fotografias, performances e um cat\u00e1logo digital acess\u00edvel. As obras resultam de processos criativos inspirados por imers\u00f5es na floresta, encontros com ancestralidades e di\u00e1logos com saberes origin\u00e1rios.<\/p>\n\n\n\n<p>A coordena\u00e7\u00e3o da exposi\u00e7\u00e3o \u00e9 assinada pelas professoras doutoras do PPGEEC\/UEA Hil\u00e9ia Monteiro, Caroline Barroncas, Daniela Franco Carvalho e M\u00f4nica de Oliveira Costa.<\/p>\n\n\n\n<p>Segundo a professora Daniela Franco Carvalho, a mostra materializa o desejo coletivo do grupo de reunir produ\u00e7\u00f5es art\u00edsticas desenvolvidas durante a imers\u00e3o na mata com o coletivo Arte &amp; Escola na Floresta. Ela destaca que a escolha do Bosque da Ci\u00eancia \u201cbusca unir arte e conhecimento cient\u00edfico em um mesmo corpo vivo\u201d.<\/p>\n\n\n\n<figure class=\"wp-block-image size-large\"><img loading=\"lazy\" decoding=\"async\" width=\"1024\" height=\"682\" src=\"http:\/\/proreitoria.uea.edu.br\/propesp\/wp-content\/uploads\/2025\/12\/WhatsApp-Image-2025-12-12-at-14.01.55-1024x682.jpeg\" alt=\"\" class=\"wp-image-1780\" srcset=\"http:\/\/proreitoria.uea.edu.br\/propesp\/wp-content\/uploads\/2025\/12\/WhatsApp-Image-2025-12-12-at-14.01.55-1024x682.jpeg 1024w, http:\/\/proreitoria.uea.edu.br\/propesp\/wp-content\/uploads\/2025\/12\/WhatsApp-Image-2025-12-12-at-14.01.55-300x200.jpeg 300w, http:\/\/proreitoria.uea.edu.br\/propesp\/wp-content\/uploads\/2025\/12\/WhatsApp-Image-2025-12-12-at-14.01.55-768x512.jpeg 768w, http:\/\/proreitoria.uea.edu.br\/propesp\/wp-content\/uploads\/2025\/12\/WhatsApp-Image-2025-12-12-at-14.01.55-1536x1023.jpeg 1536w, http:\/\/proreitoria.uea.edu.br\/propesp\/wp-content\/uploads\/2025\/12\/WhatsApp-Image-2025-12-12-at-14.01.55.jpeg 1600w\" sizes=\"auto, (max-width: 1024px) 100vw, 1024px\" \/><\/figure>\n\n\n\n<p>Entre as obras apresentadas est\u00e3o performances po\u00e9ticas, como \u201cEncante\u201d (Correnteza Braba) e \u201c(Cor)poRque Resiste em Mim \u2013 Barro, Sangue e Rios\u201d (Deihvisom); a instala\u00e7\u00e3o \u201cEnsinan\u00e7a das Folhas\u201d (L\u00e9ia Lima); e s\u00e9ries fotogr\u00e1ficas como \u201cO que nasce quando o corpo se suspende\u201d (Fabiane Andrade), que convidam o p\u00fablico ao encontro, \u00e0 contempla\u00e7\u00e3o e ao atravessamento sens\u00edvel do ambiente amaz\u00f4nico.<\/p>\n\n\n\n<p>A exposi\u00e7\u00e3o reafirma o compromisso da UEA com a promo\u00e7\u00e3o do conhecimento cient\u00edfico aliado \u00e0s express\u00f5es art\u00edsticas e culturais da Amaz\u00f4nia, fortalecendo o di\u00e1logo entre universidade, territ\u00f3rio e sociedade.<\/p>\n","protected":false},"excerpt":{"rendered":"<p>A Universidade do Estado do Amazonas (UEA), por meio do Grupo de Pesquisa Vidar em In-Tens\u00f5es, do Programa de P\u00f3s-Gradua\u00e7\u00e3o em Educa\u00e7\u00e3o em Ci\u00eancias na Amaz\u00f4nia (PPGEEC\/UEA), realiza a exposi\u00e7\u00e3o \u201cEm-Florestar: Exposi\u00e7\u00e3o art\u00edstico-cient\u00edfica em educa\u00e7\u00f5es amaz\u00f4nicas\u201d, instalada no corredor do Bosque da Ci\u00eancia, no Instituto Nacional de Pesquisas da Amaz\u00f4nia (Inpa). A mostra est\u00e1 aberta [&hellip;]<\/p>\n","protected":false},"author":10,"featured_media":1780,"comment_status":"closed","ping_status":"closed","sticky":false,"template":"","format":"standard","meta":{"footnotes":""},"categories":[8,10],"tags":[],"class_list":["post-1778","post","type-post","status-publish","format-standard","has-post-thumbnail","hentry","category-comunidade-uea","category-pesquisa"],"blocksy_meta":[],"_links":{"self":[{"href":"http:\/\/proreitoria.uea.edu.br\/propesp\/index.php\/wp-json\/wp\/v2\/posts\/1778","targetHints":{"allow":["GET"]}}],"collection":[{"href":"http:\/\/proreitoria.uea.edu.br\/propesp\/index.php\/wp-json\/wp\/v2\/posts"}],"about":[{"href":"http:\/\/proreitoria.uea.edu.br\/propesp\/index.php\/wp-json\/wp\/v2\/types\/post"}],"author":[{"embeddable":true,"href":"http:\/\/proreitoria.uea.edu.br\/propesp\/index.php\/wp-json\/wp\/v2\/users\/10"}],"replies":[{"embeddable":true,"href":"http:\/\/proreitoria.uea.edu.br\/propesp\/index.php\/wp-json\/wp\/v2\/comments?post=1778"}],"version-history":[{"count":1,"href":"http:\/\/proreitoria.uea.edu.br\/propesp\/index.php\/wp-json\/wp\/v2\/posts\/1778\/revisions"}],"predecessor-version":[{"id":1781,"href":"http:\/\/proreitoria.uea.edu.br\/propesp\/index.php\/wp-json\/wp\/v2\/posts\/1778\/revisions\/1781"}],"wp:featuredmedia":[{"embeddable":true,"href":"http:\/\/proreitoria.uea.edu.br\/propesp\/index.php\/wp-json\/wp\/v2\/media\/1780"}],"wp:attachment":[{"href":"http:\/\/proreitoria.uea.edu.br\/propesp\/index.php\/wp-json\/wp\/v2\/media?parent=1778"}],"wp:term":[{"taxonomy":"category","embeddable":true,"href":"http:\/\/proreitoria.uea.edu.br\/propesp\/index.php\/wp-json\/wp\/v2\/categories?post=1778"},{"taxonomy":"post_tag","embeddable":true,"href":"http:\/\/proreitoria.uea.edu.br\/propesp\/index.php\/wp-json\/wp\/v2\/tags?post=1778"}],"curies":[{"name":"wp","href":"https:\/\/api.w.org\/{rel}","templated":true}]}}