{"id":1743,"date":"2025-12-05T09:42:54","date_gmt":"2025-12-05T13:42:54","guid":{"rendered":"http:\/\/proreitoria.uea.edu.br\/propesp\/?p=1743"},"modified":"2025-12-05T13:34:54","modified_gmt":"2025-12-05T17:34:54","slug":"capes-abre-censo-da-pos-graduacao-stricto-sensu-2025-2026","status":"publish","type":"post","link":"http:\/\/proreitoria.uea.edu.br\/propesp\/index.php\/2025\/12\/05\/capes-abre-censo-da-pos-graduacao-stricto-sensu-2025-2026\/","title":{"rendered":"Capes abre Censo da P\u00f3s-Gradua\u00e7\u00e3o Stricto Sensu 2025\/2026"},"content":{"rendered":"\n<p>A Coordena\u00e7\u00e3o de Aperfei\u00e7oamento de Pessoal de N\u00edvel Superior (Capes) deu in\u00edcio, na quarta-feira (3\/12), ao Censo da P\u00f3s-Gradua\u00e7\u00e3o Stricto Sensu 2025\/2026. Considerado a principal ferramenta de diagn\u00f3stico da p\u00f3s-gradua\u00e7\u00e3o brasileira, o preenchimento do formul\u00e1rio digital deve ser realizado at\u00e9 26 de fevereiro de 2026, exclusivamente na plataforma Sucupira.<\/p>\n\n\n\n<p>O preenchimento das informa\u00e7\u00f5es \u00e9 obrigat\u00f3rio para docentes permanentes e colaboradores; estudantes de mestrado e doutorado; pesquisadores em est\u00e1gio p\u00f3s-doutoral; e coordenadores com atua\u00e7\u00e3o registrada na Sucupira.<\/p>\n\n\n\n<p>A Universidade do Estado do Amazonas (UEA), por meio da Pr\u00f3-Reitoria de Pesquisa e P\u00f3s-Gradua\u00e7\u00e3o (Propesp), est\u00e1 disponibilizando o Relat\u00f3rio de Governan\u00e7a dos Dados do Censo da P\u00f3s-Gradua\u00e7\u00e3o Stricto Sensu, elaborado pela Capes. O material traz orienta\u00e7\u00f5es sobre o Censo e est\u00e1 dispon\u00edvel em:<\/p>\n\n\n\n<p><a href=\"https:\/\/campusvirtual.fiocruz.br\/portal\/sites\/default\/files\/relatorio_governanca_dados_censo.pdf\" target=\"_blank\" rel=\"noreferrer noopener\">Confira o Relat\u00f3rio de Governan\u00e7a dos Dados do Censo da P\u00f3s-Gradua\u00e7\u00e3o Stricto Sensu<\/a><\/p>\n\n\n\n<p><em><strong>Sobre o Censo<\/strong><\/em><br>O Censo da P\u00f3s-Gradua\u00e7\u00e3o re\u00fane dados de todos os Programas de P\u00f3s-Gradua\u00e7\u00e3o (PPGs) em atividade no pa\u00eds e serve de base para decis\u00f5es estrat\u00e9gicas, pol\u00edticas p\u00fablicas, a\u00e7\u00f5es afirmativas e para o aperfei\u00e7oamento do Sistema Nacional de P\u00f3s-Gradua\u00e7\u00e3o (SNPG).<\/p>\n\n\n\n<p>As informa\u00e7\u00f5es coletadas alimentam indicadores utilizados na avalia\u00e7\u00e3o dos programas, influenciam notas e o reconhecimento institucional, orientam a distribui\u00e7\u00e3o de bolsas e recursos, al\u00e9m de apoiar o planejamento e a gest\u00e3o acad\u00eamica. Na pr\u00e1tica, a qualidade e a precis\u00e3o dos dados enviados impactam diretamente o futuro de cada PPG.<\/p>\n\n\n\n<p><\/p>\n","protected":false},"excerpt":{"rendered":"<p>A Coordena\u00e7\u00e3o de Aperfei\u00e7oamento de Pessoal de N\u00edvel Superior (Capes) deu in\u00edcio, na quarta-feira (3\/12), ao Censo da P\u00f3s-Gradua\u00e7\u00e3o Stricto Sensu 2025\/2026. Considerado a principal ferramenta de diagn\u00f3stico da p\u00f3s-gradua\u00e7\u00e3o brasileira, o preenchimento do formul\u00e1rio digital deve ser realizado at\u00e9 26 de fevereiro de 2026, exclusivamente na plataforma Sucupira. O preenchimento das informa\u00e7\u00f5es \u00e9 obrigat\u00f3rio [&hellip;]<\/p>\n","protected":false},"author":10,"featured_media":1745,"comment_status":"closed","ping_status":"closed","sticky":false,"template":"","format":"standard","meta":{"footnotes":""},"categories":[1],"tags":[],"class_list":["post-1743","post","type-post","status-publish","format-standard","has-post-thumbnail","hentry","category-pos-graduacao"],"blocksy_meta":[],"_links":{"self":[{"href":"http:\/\/proreitoria.uea.edu.br\/propesp\/index.php\/wp-json\/wp\/v2\/posts\/1743","targetHints":{"allow":["GET"]}}],"collection":[{"href":"http:\/\/proreitoria.uea.edu.br\/propesp\/index.php\/wp-json\/wp\/v2\/posts"}],"about":[{"href":"http:\/\/proreitoria.uea.edu.br\/propesp\/index.php\/wp-json\/wp\/v2\/types\/post"}],"author":[{"embeddable":true,"href":"http:\/\/proreitoria.uea.edu.br\/propesp\/index.php\/wp-json\/wp\/v2\/users\/10"}],"replies":[{"embeddable":true,"href":"http:\/\/proreitoria.uea.edu.br\/propesp\/index.php\/wp-json\/wp\/v2\/comments?post=1743"}],"version-history":[{"count":2,"href":"http:\/\/proreitoria.uea.edu.br\/propesp\/index.php\/wp-json\/wp\/v2\/posts\/1743\/revisions"}],"predecessor-version":[{"id":1746,"href":"http:\/\/proreitoria.uea.edu.br\/propesp\/index.php\/wp-json\/wp\/v2\/posts\/1743\/revisions\/1746"}],"wp:featuredmedia":[{"embeddable":true,"href":"http:\/\/proreitoria.uea.edu.br\/propesp\/index.php\/wp-json\/wp\/v2\/media\/1745"}],"wp:attachment":[{"href":"http:\/\/proreitoria.uea.edu.br\/propesp\/index.php\/wp-json\/wp\/v2\/media?parent=1743"}],"wp:term":[{"taxonomy":"category","embeddable":true,"href":"http:\/\/proreitoria.uea.edu.br\/propesp\/index.php\/wp-json\/wp\/v2\/categories?post=1743"},{"taxonomy":"post_tag","embeddable":true,"href":"http:\/\/proreitoria.uea.edu.br\/propesp\/index.php\/wp-json\/wp\/v2\/tags?post=1743"}],"curies":[{"name":"wp","href":"https:\/\/api.w.org\/{rel}","templated":true}]}}