{"id":1542,"date":"2025-11-07T13:54:50","date_gmt":"2025-11-07T17:54:50","guid":{"rendered":"http:\/\/proreitoria.uea.edu.br\/propesp\/?p=1542"},"modified":"2025-12-05T13:51:44","modified_gmt":"2025-12-05T17:51:44","slug":"entrega-da-carta-manifesto-do-seminario-pre-cop-30-reforca-compromisso-da-uea-com-a-sustentabilidade-na-amazonia","status":"publish","type":"post","link":"http:\/\/proreitoria.uea.edu.br\/propesp\/index.php\/2025\/11\/07\/entrega-da-carta-manifesto-do-seminario-pre-cop-30-reforca-compromisso-da-uea-com-a-sustentabilidade-na-amazonia\/","title":{"rendered":"Entrega da Carta Manifesto do Semin\u00e1rio Pr\u00e9-COP 30 refor\u00e7a compromisso da UEA com a sustentabilidade na Amaz\u00f4nia"},"content":{"rendered":"\n<p>No dia <strong>05 de novembro de 2025<\/strong>, a coordenadora do Programa de P\u00f3s-Gradua\u00e7\u00e3o em Direito Ambiental (PPGDA\/UEA), <strong>Prof.\u00aa Glaucia Maria de Ara\u00fajo Ribeiro<\/strong>, realizou a entrega oficial da <strong>Carta Manifesto<\/strong> \u00e0 Vice-Reitora da Universidade do Estado do Amazonas (UEA), <strong>Prof.\u00aa Dra. Katia do Nascimento Couceiro<\/strong>.<\/p>\n\n\n\n<div class=\"wp-block-stackable-image stk-block-image stk-block stk-ac155de\" data-block-id=\"ac155de\"><figure><span class=\"stk-img-wrapper stk-image--shape-stretch\"><img loading=\"lazy\" decoding=\"async\" class=\"stk-img wp-image-1543\" src=\"http:\/\/proreitoria.uea.edu.br\/propesp\/wp-content\/uploads\/2025\/11\/42676-1.jpg\" width=\"2560\" height=\"1706\" srcset=\"http:\/\/proreitoria.uea.edu.br\/propesp\/wp-content\/uploads\/2025\/11\/42676-1.jpg 2560w, http:\/\/proreitoria.uea.edu.br\/propesp\/wp-content\/uploads\/2025\/11\/42676-1-300x200.jpg 300w, http:\/\/proreitoria.uea.edu.br\/propesp\/wp-content\/uploads\/2025\/11\/42676-1-1024x682.jpg 1024w, http:\/\/proreitoria.uea.edu.br\/propesp\/wp-content\/uploads\/2025\/11\/42676-1-768x512.jpg 768w, http:\/\/proreitoria.uea.edu.br\/propesp\/wp-content\/uploads\/2025\/11\/42676-1-1536x1024.jpg 1536w, http:\/\/proreitoria.uea.edu.br\/propesp\/wp-content\/uploads\/2025\/11\/42676-1-2048x1365.jpg 2048w\" sizes=\"auto, (max-width: 2560px) 100vw, 2560px\" \/><\/span><\/figure><\/div>\n\n\n\n<p>O documento foi constru\u00eddo coletivamente durante o <strong>Semin\u00e1rio Pr\u00e9-COP 30: Desafios Jur\u00eddicos e Socioambientais para o Desenvolvimento Sustent\u00e1vel na Amaz\u00f4nia<\/strong>, realizado no dia 03 de novembro, e expressa o compromisso da comunidade acad\u00eamica e da sociedade civil com a defesa da Amaz\u00f4nia, da justi\u00e7a clim\u00e1tica e do desenvolvimento sustent\u00e1vel.<\/p>\n\n\n\n<p>A Carta refor\u00e7a o papel da UEA como institui\u00e7\u00e3o comprometida com o debate cient\u00edfico e a constru\u00e7\u00e3o de solu\u00e7\u00f5es para os desafios ambientais que afetam a regi\u00e3o amaz\u00f4nica, destacando a import\u00e2ncia da participa\u00e7\u00e3o ativa nas discuss\u00f5es que antecedem a COP 30.<\/p>\n\n\n\n<p>Tamb\u00e9m participaram do momento institucional o Pr\u00f3-Reitor de Interioriza\u00e7\u00e3o, <strong>Prof. Dr. Valber Barbosa Martins<\/strong>, e o Diretor Executivo da Ag\u00eancia de Inova\u00e7\u00e3o da UEA (AGIN), <strong>Prof. Dr. Antonio de Lima Mesquita<\/strong>, reafirmando o apoio da Universidade \u00e0s a\u00e7\u00f5es do PPGDA e \u00e0s iniciativas de fortalecimento da agenda clim\u00e1tica e socioambiental na Amaz\u00f4nia.<\/p>\n\n\n\n<p>A entrega da Carta Manifesto simboliza o compromisso permanente da UEA com a prote\u00e7\u00e3o da floresta, o desenvolvimento sustent\u00e1vel e a promo\u00e7\u00e3o de pol\u00edticas que garantam o futuro da regi\u00e3o e do planeta.<\/p>\n","protected":false},"excerpt":{"rendered":"<p>No dia 05 de novembro de 2025, a coordenadora do Programa de P\u00f3s-Gradua\u00e7\u00e3o em Direito Ambiental (PPGDA\/UEA), Prof.\u00aa Glaucia Maria de Ara\u00fajo Ribeiro, realizou a entrega oficial da Carta Manifesto \u00e0 Vice-Reitora da Universidade do Estado do Amazonas (UEA), Prof.\u00aa Dra. Katia do Nascimento Couceiro. O documento foi constru\u00eddo coletivamente durante o Semin\u00e1rio Pr\u00e9-COP 30: [&hellip;]<\/p>\n","protected":false},"author":10,"featured_media":1543,"comment_status":"closed","ping_status":"closed","sticky":false,"template":"","format":"standard","meta":{"footnotes":""},"categories":[8,2],"tags":[],"class_list":["post-1542","post","type-post","status-publish","format-standard","has-post-thumbnail","hentry","category-comunidade-uea","category-noticias"],"blocksy_meta":[],"_links":{"self":[{"href":"http:\/\/proreitoria.uea.edu.br\/propesp\/index.php\/wp-json\/wp\/v2\/posts\/1542","targetHints":{"allow":["GET"]}}],"collection":[{"href":"http:\/\/proreitoria.uea.edu.br\/propesp\/index.php\/wp-json\/wp\/v2\/posts"}],"about":[{"href":"http:\/\/proreitoria.uea.edu.br\/propesp\/index.php\/wp-json\/wp\/v2\/types\/post"}],"author":[{"embeddable":true,"href":"http:\/\/proreitoria.uea.edu.br\/propesp\/index.php\/wp-json\/wp\/v2\/users\/10"}],"replies":[{"embeddable":true,"href":"http:\/\/proreitoria.uea.edu.br\/propesp\/index.php\/wp-json\/wp\/v2\/comments?post=1542"}],"version-history":[{"count":1,"href":"http:\/\/proreitoria.uea.edu.br\/propesp\/index.php\/wp-json\/wp\/v2\/posts\/1542\/revisions"}],"predecessor-version":[{"id":1544,"href":"http:\/\/proreitoria.uea.edu.br\/propesp\/index.php\/wp-json\/wp\/v2\/posts\/1542\/revisions\/1544"}],"wp:featuredmedia":[{"embeddable":true,"href":"http:\/\/proreitoria.uea.edu.br\/propesp\/index.php\/wp-json\/wp\/v2\/media\/1543"}],"wp:attachment":[{"href":"http:\/\/proreitoria.uea.edu.br\/propesp\/index.php\/wp-json\/wp\/v2\/media?parent=1542"}],"wp:term":[{"taxonomy":"category","embeddable":true,"href":"http:\/\/proreitoria.uea.edu.br\/propesp\/index.php\/wp-json\/wp\/v2\/categories?post=1542"},{"taxonomy":"post_tag","embeddable":true,"href":"http:\/\/proreitoria.uea.edu.br\/propesp\/index.php\/wp-json\/wp\/v2\/tags?post=1542"}],"curies":[{"name":"wp","href":"https:\/\/api.w.org\/{rel}","templated":true}]}}