{"id":1533,"date":"2025-11-07T12:18:36","date_gmt":"2025-11-07T16:18:36","guid":{"rendered":"http:\/\/proreitoria.uea.edu.br\/propesp\/?p=1533"},"modified":"2025-12-05T13:48:15","modified_gmt":"2025-12-05T17:48:15","slug":"uea-participa-da-reuniao-da-regional-amazonia-legal","status":"publish","type":"post","link":"http:\/\/proreitoria.uea.edu.br\/propesp\/index.php\/2025\/11\/07\/uea-participa-da-reuniao-da-regional-amazonia-legal\/","title":{"rendered":"UEA participa da reuni\u00e3o da Regional Amaz\u00f4nia Legal"},"content":{"rendered":"\n<p>No dia 5 de novembro, a Universidade do Estado do Amazonas (UEA) marcou presen\u00e7a na reuni\u00e3o da Regional Amaz\u00f4nia Legal durante o 40\u00ba Encontro Nacional de Pr\u00f3-Reitores de Pesquisa e P\u00f3s-Gradua\u00e7\u00e3o (Enprop), realizado em Goi\u00e2nia (GO). O encontro reuniu gestores e pr\u00f3-reitores de institui\u00e7\u00f5es de ensino superior para discutirem estrat\u00e9gias de fortalecimento da pesquisa, inova\u00e7\u00e3o e p\u00f3s-gradua\u00e7\u00e3o na Amaz\u00f4nia Legal, promovendo a integra\u00e7\u00e3o e o desenvolvimento cient\u00edfico regional.<\/p>\n\n\n\n<div class=\"wp-block-stackable-image stk-block-image stk-block stk-87372ea\" data-block-id=\"87372ea\"><figure><span class=\"stk-img-wrapper stk-image--shape-stretch\"><img loading=\"lazy\" decoding=\"async\" class=\"stk-img wp-image-1535\" src=\"http:\/\/proreitoria.uea.edu.br\/propesp\/wp-content\/uploads\/2025\/11\/WhatsApp-Image-2025-11-07-at-11.05.40.jpeg\" width=\"592\" height=\"435\" srcset=\"http:\/\/proreitoria.uea.edu.br\/propesp\/wp-content\/uploads\/2025\/11\/WhatsApp-Image-2025-11-07-at-11.05.40.jpeg 592w, http:\/\/proreitoria.uea.edu.br\/propesp\/wp-content\/uploads\/2025\/11\/WhatsApp-Image-2025-11-07-at-11.05.40-300x220.jpeg 300w\" sizes=\"auto, (max-width: 592px) 100vw, 592px\" \/><\/span><\/figure><\/div>\n\n\n\n<p>Durante a programa\u00e7\u00e3o, representantes de universidades da regi\u00e3o participaram de debates sobre pol\u00edticas p\u00fablicas para a p\u00f3s-gradua\u00e7\u00e3o, expans\u00e3o da pesquisa na Amaz\u00f4nia e a\u00e7\u00f5es colaborativas entre institui\u00e7\u00f5es estaduais e federais.<\/p>\n\n\n\n<p><strong><span style=\"color: #000000;\" class=\"stk-highlight\">Protagonismo da UEA<\/span><\/strong><\/p>\n\n\n\n<p>Um momento de grande destaque para a Universidade do Estado do Amazonas foi a elei\u00e7\u00e3o do pr\u00f3-reitor de Pesquisa e P\u00f3s-Gradua\u00e7\u00e3o, Prof. Dr. Roberto Sanches Mubarac Sobrinho, como coordenador do F\u00f3rum de Pr\u00f3-Reitores das Universidades Estaduais Brasileiras. A escolha refor\u00e7a o protagonismo da UEA no cen\u00e1rio nacional da p\u00f3s-gradua\u00e7\u00e3o e ci\u00eancia, al\u00e9m do compromisso da institui\u00e7\u00e3o com o fortalecimento das pol\u00edticas p\u00fablicas de pesquisa, inova\u00e7\u00e3o e forma\u00e7\u00e3o de recursos humanos qualificados no pa\u00eds.<\/p>\n\n\n\n<p>Segundo o pr\u00f3-reitor Roberto Mubarac, a atua\u00e7\u00e3o da UEA no Enprop reafirma seu papel estrat\u00e9gico na promo\u00e7\u00e3o do conhecimento cient\u00edfico voltado ao desenvolvimento da Amaz\u00f4nia e ao avan\u00e7o da ci\u00eancia brasileira. &#8220;A participa\u00e7\u00e3o da universidade evidencia, ainda, o compromisso com a internacionaliza\u00e7\u00e3o, a interioriza\u00e7\u00e3o do ensino e a constru\u00e7\u00e3o de uma ci\u00eancia alinhada \u00e0s necessidades regionais e nacionais&#8221;, ressaltou.<\/p>\n","protected":false},"excerpt":{"rendered":"<p>No dia 5 de novembro, a Universidade do Estado do Amazonas (UEA) marcou presen\u00e7a na reuni\u00e3o da Regional Amaz\u00f4nia Legal durante o 40\u00ba Encontro Nacional de Pr\u00f3-Reitores de Pesquisa e P\u00f3s-Gradua\u00e7\u00e3o (Enprop), realizado em Goi\u00e2nia (GO). O encontro reuniu gestores e pr\u00f3-reitores de institui\u00e7\u00f5es de ensino superior para discutirem estrat\u00e9gias de fortalecimento da pesquisa, inova\u00e7\u00e3o [&hellip;]<\/p>\n","protected":false},"author":10,"featured_media":1536,"comment_status":"closed","ping_status":"closed","sticky":false,"template":"","format":"standard","meta":{"footnotes":""},"categories":[8,2],"tags":[],"class_list":["post-1533","post","type-post","status-publish","format-standard","has-post-thumbnail","hentry","category-comunidade-uea","category-noticias"],"blocksy_meta":[],"_links":{"self":[{"href":"http:\/\/proreitoria.uea.edu.br\/propesp\/index.php\/wp-json\/wp\/v2\/posts\/1533","targetHints":{"allow":["GET"]}}],"collection":[{"href":"http:\/\/proreitoria.uea.edu.br\/propesp\/index.php\/wp-json\/wp\/v2\/posts"}],"about":[{"href":"http:\/\/proreitoria.uea.edu.br\/propesp\/index.php\/wp-json\/wp\/v2\/types\/post"}],"author":[{"embeddable":true,"href":"http:\/\/proreitoria.uea.edu.br\/propesp\/index.php\/wp-json\/wp\/v2\/users\/10"}],"replies":[{"embeddable":true,"href":"http:\/\/proreitoria.uea.edu.br\/propesp\/index.php\/wp-json\/wp\/v2\/comments?post=1533"}],"version-history":[{"count":4,"href":"http:\/\/proreitoria.uea.edu.br\/propesp\/index.php\/wp-json\/wp\/v2\/posts\/1533\/revisions"}],"predecessor-version":[{"id":1541,"href":"http:\/\/proreitoria.uea.edu.br\/propesp\/index.php\/wp-json\/wp\/v2\/posts\/1533\/revisions\/1541"}],"wp:featuredmedia":[{"embeddable":true,"href":"http:\/\/proreitoria.uea.edu.br\/propesp\/index.php\/wp-json\/wp\/v2\/media\/1536"}],"wp:attachment":[{"href":"http:\/\/proreitoria.uea.edu.br\/propesp\/index.php\/wp-json\/wp\/v2\/media?parent=1533"}],"wp:term":[{"taxonomy":"category","embeddable":true,"href":"http:\/\/proreitoria.uea.edu.br\/propesp\/index.php\/wp-json\/wp\/v2\/categories?post=1533"},{"taxonomy":"post_tag","embeddable":true,"href":"http:\/\/proreitoria.uea.edu.br\/propesp\/index.php\/wp-json\/wp\/v2\/tags?post=1533"}],"curies":[{"name":"wp","href":"https:\/\/api.w.org\/{rel}","templated":true}]}}