{"id":1451,"date":"2025-11-03T13:18:30","date_gmt":"2025-11-03T17:18:30","guid":{"rendered":"https:\/\/proreitoria.uea.edu.br\/propesp\/?p=1451"},"modified":"2025-12-05T13:53:09","modified_gmt":"2025-12-05T17:53:09","slug":"professora-da-uea-e-reconhecida-nacionalmente-com-o-premio-alumni-pos-graduacao-univali-2025","status":"publish","type":"post","link":"http:\/\/proreitoria.uea.edu.br\/propesp\/index.php\/2025\/11\/03\/professora-da-uea-e-reconhecida-nacionalmente-com-o-premio-alumni-pos-graduacao-univali-2025\/","title":{"rendered":"Professora da UEA \u00e9 reconhecida, nacionalmente, com o Pr\u00eamio Alumni P\u00f3s-Gradua\u00e7\u00e3o Univali 2025"},"content":{"rendered":"\n<p>A professora Dra. Markl\u00e9a da Cunha Ferst, da Universidade do Estado do Amazonas (UEA), foi uma das vencedoras do Pr\u00eamio Alumni P\u00f3s-Gradua\u00e7\u00e3o Univali 2025, concedido pela Universidade do Vale do Itaja\u00ed (Univali), em Santa Catarina. A premia\u00e7\u00e3o reconhece egressos que se destacam pela relev\u00e2ncia de suas contribui\u00e7\u00f5es cient\u00edficas e pelo impacto social de suas pesquisas.<\/p>\n\n\n\n<p>A comiss\u00e3o avaliadora destacou a trajet\u00f3ria da professora, marcada pela transforma\u00e7\u00e3o do conhecimento acad\u00eamico em a\u00e7\u00f5es concretas voltadas \u00e0 inclus\u00e3o e \u00e0 acessibilidade. Sua tese de doutorado originou o Programa Mais Acesso, refer\u00eancia nacional na promo\u00e7\u00e3o de direitos e inclus\u00e3o de pessoas com defici\u00eancia, que atua com ensino, pesquisa e extens\u00e3o. Em 2025, ela lan\u00e7ou a plataforma Mais Acesso Conecta, desenvolvida em parceria com o Tribunal Regional do Trabalho da 11\u00aa Regi\u00e3o e o Minist\u00e9rio P\u00fablico do Trabalho, voltada \u00e0 inser\u00e7\u00e3o de pessoas com defici\u00eancia no mercado de trabalho.<\/p>\n\n\n\n<p>No cen\u00e1rio internacional, a docente consolidou sua atua\u00e7\u00e3o em 2022 ao ser aprovada como consultora pela Unesco e pelo Minist\u00e9rio do Turismo, no Projeto 914BRZ4024. A partir desse trabalho, produziu diagn\u00f3sticos e levantamentos nacionais sobre turismo acess\u00edvel, que subsidiaram pol\u00edticas p\u00fablicas e resultaram no livro Perfil da Pessoa com Defici\u00eancia no Turismo (2025), lan\u00e7ado com apoio da Unesco, do Minist\u00e9rio do Turismo e da Itaipu Binacional.<\/p>\n\n\n\n<div class=\"wp-block-stackable-carousel stk-block-carousel stk--is-slide stk--arrows-justify-space-between stk--arrows-align-center stk-block stk-ad02869\" data-slides-to-show=\"\" data-block-id=\"ad02869\"><div class=\"stk-block-carousel__content-wrapper\"><div class=\"stk-row stk-inner-blocks stk-block-content stk-block-carousel__slider-wrapper stk-content-align stk-ad02869-column\"><div class=\"stk-block-carousel__slider\" role=\"list\" data-autoplay=\"4000\" data-label-slide-of=\"Slide %%d of %%d\" tabindex=\"0\">\n<div class=\"wp-block-stackable-column stk-block-column stk-column stk-block stk-a513893\" data-v=\"4\" data-block-id=\"a513893\"><div class=\"stk-column-wrapper stk-block-column__content stk-container stk-a513893-container stk--no-background stk--no-padding\"><div class=\"stk-block-content stk-inner-blocks stk-a513893-inner-blocks\">\n<div class=\"wp-block-stackable-image stk-block-image stk-block stk-d634a0f\" data-block-id=\"d634a0f\"><figure><span class=\"stk-img-wrapper stk-image--shape-stretch\"><img loading=\"lazy\" decoding=\"async\" class=\"stk-img wp-image-1452\" src=\"http:\/\/proreitoria.uea.edu.br\/propesp\/wp-content\/uploads\/2025\/11\/54892445823_02461f4e09_o-scaled.jpg\" width=\"2560\" height=\"1707\" srcset=\"http:\/\/proreitoria.uea.edu.br\/propesp\/wp-content\/uploads\/2025\/11\/54892445823_02461f4e09_o-scaled.jpg 2560w, http:\/\/proreitoria.uea.edu.br\/propesp\/wp-content\/uploads\/2025\/11\/54892445823_02461f4e09_o-300x200.jpg 300w, http:\/\/proreitoria.uea.edu.br\/propesp\/wp-content\/uploads\/2025\/11\/54892445823_02461f4e09_o-1024x683.jpg 1024w, http:\/\/proreitoria.uea.edu.br\/propesp\/wp-content\/uploads\/2025\/11\/54892445823_02461f4e09_o-768x512.jpg 768w, http:\/\/proreitoria.uea.edu.br\/propesp\/wp-content\/uploads\/2025\/11\/54892445823_02461f4e09_o-1536x1024.jpg 1536w, http:\/\/proreitoria.uea.edu.br\/propesp\/wp-content\/uploads\/2025\/11\/54892445823_02461f4e09_o-2048x1365.jpg 2048w\" sizes=\"auto, (max-width: 2560px) 100vw, 2560px\" \/><\/span><\/figure><\/div>\n<\/div><\/div><\/div>\n\n\n\n<div class=\"wp-block-stackable-column stk-block-column stk-column stk-block stk-5eebc92\" data-v=\"4\" data-block-id=\"5eebc92\"><div class=\"stk-column-wrapper stk-block-column__content stk-container stk-5eebc92-container stk--no-background stk--no-padding\"><div class=\"stk-block-content stk-inner-blocks stk-5eebc92-inner-blocks\">\n<div class=\"wp-block-stackable-image stk-block-image stk-block stk-f98b2d7\" data-block-id=\"f98b2d7\"><figure><span class=\"stk-img-wrapper stk-image--shape-stretch\"><img loading=\"lazy\" decoding=\"async\" class=\"stk-img wp-image-1455\" src=\"http:\/\/proreitoria.uea.edu.br\/propesp\/wp-content\/uploads\/2025\/11\/54892470314_a319bebd58_o-scaled.jpg\" width=\"2560\" height=\"1707\" srcset=\"http:\/\/proreitoria.uea.edu.br\/propesp\/wp-content\/uploads\/2025\/11\/54892470314_a319bebd58_o-scaled.jpg 2560w, http:\/\/proreitoria.uea.edu.br\/propesp\/wp-content\/uploads\/2025\/11\/54892470314_a319bebd58_o-300x200.jpg 300w, http:\/\/proreitoria.uea.edu.br\/propesp\/wp-content\/uploads\/2025\/11\/54892470314_a319bebd58_o-1024x683.jpg 1024w, http:\/\/proreitoria.uea.edu.br\/propesp\/wp-content\/uploads\/2025\/11\/54892470314_a319bebd58_o-768x512.jpg 768w, http:\/\/proreitoria.uea.edu.br\/propesp\/wp-content\/uploads\/2025\/11\/54892470314_a319bebd58_o-1536x1024.jpg 1536w, http:\/\/proreitoria.uea.edu.br\/propesp\/wp-content\/uploads\/2025\/11\/54892470314_a319bebd58_o-2048x1365.jpg 2048w\" sizes=\"auto, (max-width: 2560px) 100vw, 2560px\" \/><\/span><\/figure><\/div>\n<\/div><\/div><\/div>\n<\/div><div class=\"stk-block-carousel__buttons\"><button class=\"stk-block-carousel__button stk-block-carousel__button__prev\" aria-label=\"Previous slide\"><svg aria-hidden=\"true\" focusable=\"false\" data-prefix=\"fas\" data-icon=\"chevron-left\" class=\"svg-inline--fa fa-chevron-left\" xmlns=\"http:\/\/www.w3.org\/2000\/svg\" viewBox=\"0 0 320 512\" width=\"32\" height=\"32\"><path d=\"M34.52 239.03L228.87 44.69c9.37-9.37 24.57-9.37 33.94 0l22.67 22.67c9.36 9.36 9.37 24.52.04 33.9L131.49 256l154.02 154.75c9.34 9.38 9.32 24.54-.04 33.9l-22.67 22.67c-9.37 9.37-24.57 9.37-33.94 0L34.52 272.97c-9.37-9.37-9.37-24.57 0-33.94z\"><\/path><\/svg><\/button><button class=\"stk-block-carousel__button stk-block-carousel__button__next\" aria-label=\"Next slide\"><svg aria-hidden=\"true\" focusable=\"false\" data-prefix=\"fas\" data-icon=\"chevron-right\" class=\"svg-inline--fa fa-chevron-right\" xmlns=\"http:\/\/www.w3.org\/2000\/svg\" viewBox=\"0 0 320 512\" width=\"32\" height=\"32\"><path d=\"M285.476 272.971L91.132 467.314c-9.373 9.373-24.569 9.373-33.941 0l-22.667-22.667c-9.357-9.357-9.375-24.522-.04-33.901L188.505 256 34.484 101.255c-9.335-9.379-9.317-24.544.04-33.901l22.667-22.667c9.373-9.373 24.569-9.373 33.941 0L285.475 239.03c9.373 9.372 9.373 24.568.001 33.941z\"><\/path><\/svg><\/button><\/div><\/div><div class=\"stk-block-carousel__dots\" role=\"list\" data-label=\"Slide %%d\"><\/div><\/div><\/div>\n\n\n\n<p>Doutora em Turismo e Hotelaria pela Univali, por meio do Conv\u00eanio Dinter UEA\/Univali, e mestre em Direito pela UFPR, Markl\u00e9a Ferst \u00e9 professora adjunta da UEA, coordenadora do Programa Mais Acesso e l\u00edder do Grupo de Pesquisa CNPq \u201cMais Acesso, Direitos Humanos e Inclus\u00e3o\u201d. Sua produ\u00e7\u00e3o cient\u00edfica aborda temas como turismo acess\u00edvel, inclus\u00e3o laboral e combate ao capacitismo.<\/p>\n\n\n\n<p>Em 2025, a pesquisadora tamb\u00e9m foi contemplada com o projeto \u201cPromovendo a inclus\u00e3o: Diagn\u00f3sticos e propostas para infraestrutura de acessibilidade em patrim\u00f4nios hist\u00f3ricos da Unesco\u201d, aprovado na Chamada Universal CNPq\/MCTI\/FNDCT n\u00ba 44\/2024, e com o projeto \u201cModelo de Gest\u00e3o Inclusiva: Uma Abordagem para Empresas do Polo Industrial de Manaus\u201d, selecionado pelo edital Fapeam Produtividade em CT&amp;I.<\/p>\n\n\n\n<p>O reconhecimento nacional consolida a trajet\u00f3ria da professora como exemplo de articula\u00e7\u00e3o entre pesquisa, inova\u00e7\u00e3o e impacto social, refor\u00e7ando o papel da UEA na forma\u00e7\u00e3o de profissionais comprometidos com o desenvolvimento inclusivo e sustent\u00e1vel da Amaz\u00f4nia e do Brasil.<\/p>\n","protected":false},"excerpt":{"rendered":"<p>A professora Dra. Markl\u00e9a da Cunha Ferst, da Universidade do Estado do Amazonas (UEA), foi uma das vencedoras do Pr\u00eamio Alumni P\u00f3s-Gradua\u00e7\u00e3o Univali 2025, concedido pela Universidade do Vale do Itaja\u00ed (Univali), em Santa Catarina. A premia\u00e7\u00e3o reconhece egressos que se destacam pela relev\u00e2ncia de suas contribui\u00e7\u00f5es cient\u00edficas e pelo impacto social de suas pesquisas. [&hellip;]<\/p>\n","protected":false},"author":10,"featured_media":1452,"comment_status":"closed","ping_status":"closed","sticky":false,"template":"","format":"standard","meta":{"footnotes":""},"categories":[1],"tags":[],"class_list":["post-1451","post","type-post","status-publish","format-standard","has-post-thumbnail","hentry","category-pos-graduacao"],"blocksy_meta":[],"_links":{"self":[{"href":"http:\/\/proreitoria.uea.edu.br\/propesp\/index.php\/wp-json\/wp\/v2\/posts\/1451","targetHints":{"allow":["GET"]}}],"collection":[{"href":"http:\/\/proreitoria.uea.edu.br\/propesp\/index.php\/wp-json\/wp\/v2\/posts"}],"about":[{"href":"http:\/\/proreitoria.uea.edu.br\/propesp\/index.php\/wp-json\/wp\/v2\/types\/post"}],"author":[{"embeddable":true,"href":"http:\/\/proreitoria.uea.edu.br\/propesp\/index.php\/wp-json\/wp\/v2\/users\/10"}],"replies":[{"embeddable":true,"href":"http:\/\/proreitoria.uea.edu.br\/propesp\/index.php\/wp-json\/wp\/v2\/comments?post=1451"}],"version-history":[{"count":2,"href":"http:\/\/proreitoria.uea.edu.br\/propesp\/index.php\/wp-json\/wp\/v2\/posts\/1451\/revisions"}],"predecessor-version":[{"id":1456,"href":"http:\/\/proreitoria.uea.edu.br\/propesp\/index.php\/wp-json\/wp\/v2\/posts\/1451\/revisions\/1456"}],"wp:featuredmedia":[{"embeddable":true,"href":"http:\/\/proreitoria.uea.edu.br\/propesp\/index.php\/wp-json\/wp\/v2\/media\/1452"}],"wp:attachment":[{"href":"http:\/\/proreitoria.uea.edu.br\/propesp\/index.php\/wp-json\/wp\/v2\/media?parent=1451"}],"wp:term":[{"taxonomy":"category","embeddable":true,"href":"http:\/\/proreitoria.uea.edu.br\/propesp\/index.php\/wp-json\/wp\/v2\/categories?post=1451"},{"taxonomy":"post_tag","embeddable":true,"href":"http:\/\/proreitoria.uea.edu.br\/propesp\/index.php\/wp-json\/wp\/v2\/tags?post=1451"}],"curies":[{"name":"wp","href":"https:\/\/api.w.org\/{rel}","templated":true}]}}