{"id":1342,"date":"2025-10-29T14:17:45","date_gmt":"2025-10-29T18:17:45","guid":{"rendered":"https:\/\/proreitoria.uea.edu.br\/propesp\/?p=1342"},"modified":"2025-10-30T09:59:43","modified_gmt":"2025-10-30T13:59:43","slug":"uea-participa-da-caravana-fluvial-iaracu-em-itacoatiara-e-reforca-protagonismo-amazonico-rumo-a-cop30","status":"publish","type":"post","link":"http:\/\/proreitoria.uea.edu.br\/propesp\/index.php\/2025\/10\/29\/uea-participa-da-caravana-fluvial-iaracu-em-itacoatiara-e-reforca-protagonismo-amazonico-rumo-a-cop30\/","title":{"rendered":"UEA participa da Caravana Fluvial Iara\u00e7u em Itacoatiara e refor\u00e7a protagonismo amaz\u00f4nico rumo \u00e0 COP30"},"content":{"rendered":"\n<p>A Universidade do Estado do Amazonas (UEA), por meio do Centro de Estudos Superiores de Itacoatiara (Cesit), participou da recep\u00e7\u00e3o \u00e0 Caravana Fluvial Iara\u00e7u, iniciativa franco-brasileira promovida pelo Instituto de Pesquisa para o Desenvolvimento (IRD) e pela Embaixada da Fran\u00e7a no Brasil, em parceria com a Coordena\u00e7\u00e3o de Aperfei\u00e7oamento de Pessoal de N\u00edvel Superior (Capes\/MEC). A a\u00e7\u00e3o faz parte da mobiliza\u00e7\u00e3o para a 30\u00aa Confer\u00eancia das Na\u00e7\u00f5es Unidas sobre Mudan\u00e7as Clim\u00e1ticas (COP30), que ser\u00e1 realizada em novembro de 2025, em Bel\u00e9m (PA).<\/p>\n\n\n\n<div class=\"wp-block-stackable-image stk-block-image stk-block stk-a7af64f\" data-block-id=\"a7af64f\"><figure><span class=\"stk-img-wrapper stk-image--shape-stretch\"><img loading=\"lazy\" decoding=\"async\" class=\"stk-img wp-image-1344\" src=\"http:\/\/proreitoria.uea.edu.br\/propesp\/wp-content\/uploads\/2025\/10\/Imagem-do-WhatsApp-de-2025-10-29-as-10.50.00_a43886ae.jpg\" width=\"1600\" height=\"1200\" srcset=\"http:\/\/proreitoria.uea.edu.br\/propesp\/wp-content\/uploads\/2025\/10\/Imagem-do-WhatsApp-de-2025-10-29-as-10.50.00_a43886ae.jpg 1600w, http:\/\/proreitoria.uea.edu.br\/propesp\/wp-content\/uploads\/2025\/10\/Imagem-do-WhatsApp-de-2025-10-29-as-10.50.00_a43886ae-300x225.jpg 300w, http:\/\/proreitoria.uea.edu.br\/propesp\/wp-content\/uploads\/2025\/10\/Imagem-do-WhatsApp-de-2025-10-29-as-10.50.00_a43886ae-1024x768.jpg 1024w, http:\/\/proreitoria.uea.edu.br\/propesp\/wp-content\/uploads\/2025\/10\/Imagem-do-WhatsApp-de-2025-10-29-as-10.50.00_a43886ae-768x576.jpg 768w, http:\/\/proreitoria.uea.edu.br\/propesp\/wp-content\/uploads\/2025\/10\/Imagem-do-WhatsApp-de-2025-10-29-as-10.50.00_a43886ae-1536x1152.jpg 1536w\" sizes=\"auto, (max-width: 1600px) 100vw, 1600px\" \/><\/span><\/figure><\/div>\n\n\n\n<p>Durante a passagem pelo porto de Itacoatiara, no \u00faltimo dia 28, a Caravana reuniu representantes do Minist\u00e9rio da Educa\u00e7\u00e3o, pesquisadores franceses e brasileiros, e a presidente da Capes, Prof.\u00aa Dra. Denise Pires de Carvalho. O evento contou com a presen\u00e7a do pr\u00f3-reitor de Pesquisa e P\u00f3s-Gradua\u00e7\u00e3o da UEA, Prof. Dr. Roberto Sanches Mubarac Sobrinho; da Prof.\u00aa Dra. Elis\u00e2ngela Silva e do Prof. Dr. Jo\u00e3o da Mata Lib\u00f3rio, coordenadores de Programas de P\u00f3s-Gradua\u00e7\u00e3o; do diretor do Cesit\/UEA, Prof. Me. Franciano Antunes; e do coordenador do PIBID Computa\u00e7\u00e3o, Prof. Dr. Genarde Macedo.<\/p>\n\n\n\n<p>A visita tamb\u00e9m contou com a participa\u00e7\u00e3o de professores, supervisores e bolsistas do Programa Institucional de Bolsa de Inicia\u00e7\u00e3o \u00e0 Doc\u00eancia (PIBID\/UEA), que apresentaram as a\u00e7\u00f5es do subprojeto Computa\u00e7\u00e3o nas escolas p\u00fablicas de Itacoatiara. O encontro proporcionou um espa\u00e7o de di\u00e1logo e troca de experi\u00eancias entre os futuros professores e os representantes da Capes, refor\u00e7ando a import\u00e2ncia da forma\u00e7\u00e3o docente voltada \u00e0 realidade amaz\u00f4nica.<\/p>\n\n\n\n<div class=\"wp-block-stackable-carousel stk-block-carousel stk--is-slide stk--arrows-justify-space-between stk--arrows-align-center stk-block stk-ff8dbcc\" data-slides-to-show=\"\" data-block-id=\"ff8dbcc\"><style>@media screen and (max-width:689px){.stk-ff8dbcc {margin-bottom:0px !important;}}<\/style><div class=\"stk-block-carousel__content-wrapper\"><div class=\"stk-row stk-inner-blocks stk-block-content stk-block-carousel__slider-wrapper stk-content-align stk-ff8dbcc-column\"><div class=\"stk-block-carousel__slider\" role=\"list\" data-autoplay=\"4000\" data-label-slide-of=\"Slide %%d of %%d\" tabindex=\"0\">\n<div class=\"wp-block-stackable-column stk-block-column stk-column stk-block stk-607bdb7\" data-v=\"4\" data-block-id=\"607bdb7\"><div class=\"stk-column-wrapper stk-block-column__content stk-container stk-607bdb7-container stk--no-background stk--no-padding\"><div class=\"stk-block-content stk-inner-blocks stk-607bdb7-inner-blocks\">\n<div class=\"wp-block-stackable-image stk-block-image stk-block stk-4a14d23\" data-block-id=\"4a14d23\"><style>.stk-4a14d23 .stk-img-wrapper{width:100% !important;height:650px !important;}@media screen and (max-width:689px){.stk-4a14d23 .stk-img-wrapper{width:100% !important;height:250px !important;}}<\/style><figure><span class=\"stk-img-wrapper stk-image--shape-stretch\"><img loading=\"lazy\" decoding=\"async\" class=\"stk-img wp-image-1345\" src=\"http:\/\/proreitoria.uea.edu.br\/propesp\/wp-content\/uploads\/2025\/10\/Imagem-do-WhatsApp-de-2025-10-29-as-10.49.57_cfc2d385.jpg\" width=\"1280\" height=\"1026\" srcset=\"http:\/\/proreitoria.uea.edu.br\/propesp\/wp-content\/uploads\/2025\/10\/Imagem-do-WhatsApp-de-2025-10-29-as-10.49.57_cfc2d385.jpg 1280w, http:\/\/proreitoria.uea.edu.br\/propesp\/wp-content\/uploads\/2025\/10\/Imagem-do-WhatsApp-de-2025-10-29-as-10.49.57_cfc2d385-300x240.jpg 300w, http:\/\/proreitoria.uea.edu.br\/propesp\/wp-content\/uploads\/2025\/10\/Imagem-do-WhatsApp-de-2025-10-29-as-10.49.57_cfc2d385-1024x821.jpg 1024w, http:\/\/proreitoria.uea.edu.br\/propesp\/wp-content\/uploads\/2025\/10\/Imagem-do-WhatsApp-de-2025-10-29-as-10.49.57_cfc2d385-768x616.jpg 768w\" sizes=\"auto, (max-width: 1280px) 100vw, 1280px\" \/><\/span><\/figure><\/div>\n<\/div><\/div><\/div>\n\n\n\n<div class=\"wp-block-stackable-column stk-block-column stk-column stk-block stk-55fa2c4\" data-v=\"4\" data-block-id=\"55fa2c4\"><div class=\"stk-column-wrapper stk-block-column__content stk-container stk-55fa2c4-container stk--no-background stk--no-padding\"><div class=\"stk-block-content stk-inner-blocks stk-55fa2c4-inner-blocks\">\n<div class=\"wp-block-stackable-image stk-block-image stk-block stk-08a9393\" data-block-id=\"08a9393\"><style>.stk-08a9393 .stk-img-wrapper{width:100% !important;height:650px !important;}@media screen and (max-width:689px){.stk-08a9393 .stk-img-wrapper{width:100% !important;height:249px !important;}}<\/style><figure><span class=\"stk-img-wrapper stk-image--shape-stretch\"><img loading=\"lazy\" decoding=\"async\" class=\"stk-img wp-image-1346\" src=\"http:\/\/proreitoria.uea.edu.br\/propesp\/wp-content\/uploads\/2025\/10\/Imagem-do-WhatsApp-de-2025-10-29-as-10.50.00_e1837104.jpg\" width=\"1600\" height=\"1200\" srcset=\"http:\/\/proreitoria.uea.edu.br\/propesp\/wp-content\/uploads\/2025\/10\/Imagem-do-WhatsApp-de-2025-10-29-as-10.50.00_e1837104.jpg 1600w, http:\/\/proreitoria.uea.edu.br\/propesp\/wp-content\/uploads\/2025\/10\/Imagem-do-WhatsApp-de-2025-10-29-as-10.50.00_e1837104-300x225.jpg 300w, http:\/\/proreitoria.uea.edu.br\/propesp\/wp-content\/uploads\/2025\/10\/Imagem-do-WhatsApp-de-2025-10-29-as-10.50.00_e1837104-1024x768.jpg 1024w, http:\/\/proreitoria.uea.edu.br\/propesp\/wp-content\/uploads\/2025\/10\/Imagem-do-WhatsApp-de-2025-10-29-as-10.50.00_e1837104-768x576.jpg 768w, http:\/\/proreitoria.uea.edu.br\/propesp\/wp-content\/uploads\/2025\/10\/Imagem-do-WhatsApp-de-2025-10-29-as-10.50.00_e1837104-1536x1152.jpg 1536w\" sizes=\"auto, (max-width: 1600px) 100vw, 1600px\" \/><\/span><\/figure><\/div>\n<\/div><\/div><\/div>\n\n\n\n<div class=\"wp-block-stackable-column stk-block-column stk-column stk-block stk-6737c60\" data-v=\"4\" data-block-id=\"6737c60\"><div class=\"stk-column-wrapper stk-block-column__content stk-container stk-6737c60-container stk--no-background stk--no-padding\"><div class=\"stk-block-content stk-inner-blocks stk-6737c60-inner-blocks\">\n<div class=\"wp-block-stackable-image stk-block-image stk-block stk-6b46045\" data-block-id=\"6b46045\"><style>.stk-6b46045 .stk-img-wrapper{width:100% !important;height:649px !important;}@media screen and (max-width:689px){.stk-6b46045 .stk-img-wrapper{width:100% !important;height:249px !important;}}<\/style><figure><span class=\"stk-img-wrapper stk-image--shape-stretch\"><img loading=\"lazy\" decoding=\"async\" class=\"stk-img wp-image-1344\" src=\"http:\/\/proreitoria.uea.edu.br\/propesp\/wp-content\/uploads\/2025\/10\/Imagem-do-WhatsApp-de-2025-10-29-as-10.50.00_a43886ae.jpg\" width=\"1600\" height=\"1200\" srcset=\"http:\/\/proreitoria.uea.edu.br\/propesp\/wp-content\/uploads\/2025\/10\/Imagem-do-WhatsApp-de-2025-10-29-as-10.50.00_a43886ae.jpg 1600w, http:\/\/proreitoria.uea.edu.br\/propesp\/wp-content\/uploads\/2025\/10\/Imagem-do-WhatsApp-de-2025-10-29-as-10.50.00_a43886ae-300x225.jpg 300w, http:\/\/proreitoria.uea.edu.br\/propesp\/wp-content\/uploads\/2025\/10\/Imagem-do-WhatsApp-de-2025-10-29-as-10.50.00_a43886ae-1024x768.jpg 1024w, http:\/\/proreitoria.uea.edu.br\/propesp\/wp-content\/uploads\/2025\/10\/Imagem-do-WhatsApp-de-2025-10-29-as-10.50.00_a43886ae-768x576.jpg 768w, http:\/\/proreitoria.uea.edu.br\/propesp\/wp-content\/uploads\/2025\/10\/Imagem-do-WhatsApp-de-2025-10-29-as-10.50.00_a43886ae-1536x1152.jpg 1536w\" sizes=\"auto, (max-width: 1600px) 100vw, 1600px\" \/><\/span><\/figure><\/div>\n<\/div><\/div><\/div>\n<\/div><div class=\"stk-block-carousel__buttons\"><button class=\"stk-block-carousel__button stk-block-carousel__button__prev\" aria-label=\"Previous slide\"><svg aria-hidden=\"true\" focusable=\"false\" data-prefix=\"fas\" data-icon=\"chevron-left\" class=\"svg-inline--fa fa-chevron-left\" xmlns=\"http:\/\/www.w3.org\/2000\/svg\" viewBox=\"0 0 320 512\" width=\"32\" height=\"32\"><path d=\"M34.52 239.03L228.87 44.69c9.37-9.37 24.57-9.37 33.94 0l22.67 22.67c9.36 9.36 9.37 24.52.04 33.9L131.49 256l154.02 154.75c9.34 9.38 9.32 24.54-.04 33.9l-22.67 22.67c-9.37 9.37-24.57 9.37-33.94 0L34.52 272.97c-9.37-9.37-9.37-24.57 0-33.94z\"><\/path><\/svg><\/button><button class=\"stk-block-carousel__button stk-block-carousel__button__next\" aria-label=\"Next slide\"><svg aria-hidden=\"true\" focusable=\"false\" data-prefix=\"fas\" data-icon=\"chevron-right\" class=\"svg-inline--fa fa-chevron-right\" xmlns=\"http:\/\/www.w3.org\/2000\/svg\" viewBox=\"0 0 320 512\" width=\"32\" height=\"32\"><path d=\"M285.476 272.971L91.132 467.314c-9.373 9.373-24.569 9.373-33.941 0l-22.667-22.667c-9.357-9.357-9.375-24.522-.04-33.901L188.505 256 34.484 101.255c-9.335-9.379-9.317-24.544.04-33.901l22.667-22.667c9.373-9.373 24.569-9.373 33.941 0L285.475 239.03c9.373 9.372 9.373 24.568.001 33.941z\"><\/path><\/svg><\/button><\/div><\/div><div class=\"stk-block-carousel__dots\" role=\"list\" data-label=\"Slide %%d\"><\/div><\/div><\/div>\n\n\n\n<p>Para o pr\u00f3-reitor Roberto Mubarac, a presen\u00e7a da Capes e da Embaixada da Fran\u00e7a em Itacoatiara refor\u00e7a o papel estrat\u00e9gico da UEA na integra\u00e7\u00e3o entre educa\u00e7\u00e3o, ci\u00eancia e sustentabilidade. \u201cA universidade tem investido em projetos que unem inova\u00e7\u00e3o e compromisso ambiental. Esse encontro evidencia o protagonismo da UEA na prepara\u00e7\u00e3o da Amaz\u00f4nia n\u00e3o apenas para a COP30, mas para um futuro mais sustent\u00e1vel e consciente\u201d, afirmou.<\/p>\n\n\n\n<p>A Caravana Iara\u00e7u segue navegando por diferentes ecossistemas e comunidades amaz\u00f4nicas, passando por cidades como Manaus, Parintins, Santar\u00e9m, Gurup\u00e1 e Bel\u00e9m. A expedi\u00e7\u00e3o promove o di\u00e1logo entre ci\u00eancia e sociedade, valorizando os saberes locais, as pr\u00e1ticas de adapta\u00e7\u00e3o \u00e0s mudan\u00e7as clim\u00e1ticas e o papel dos povos da Amaz\u00f4nia na constru\u00e7\u00e3o de solu\u00e7\u00f5es para os desafios globais.<\/p>\n\n\n\n<p>Mais informa\u00e7\u00f5es sobre a Caravana Iara\u00e7u est\u00e3o dispon\u00edveis em:&nbsp;<a href=\"https:\/\/pt.ird.fr\/iaracu-diario-de-bordo\">https:\/\/pt.ird.fr\/iaracu-diario-de-bordo<\/a>.<\/p>\n","protected":false},"excerpt":{"rendered":"<p>Embarca\u00e7\u00e3o da universidade percorrer\u00e1 uma caravana fluvial por 9 munic\u00edpios at\u00e9 chegar \u00e0 COP30<\/p>\n","protected":false},"author":10,"featured_media":1344,"comment_status":"closed","ping_status":"closed","sticky":false,"template":"","format":"standard","meta":{"footnotes":""},"categories":[1],"tags":[],"class_list":["post-1342","post","type-post","status-publish","format-standard","has-post-thumbnail","hentry","category-pos-graduacao"],"blocksy_meta":[],"_links":{"self":[{"href":"http:\/\/proreitoria.uea.edu.br\/propesp\/index.php\/wp-json\/wp\/v2\/posts\/1342","targetHints":{"allow":["GET"]}}],"collection":[{"href":"http:\/\/proreitoria.uea.edu.br\/propesp\/index.php\/wp-json\/wp\/v2\/posts"}],"about":[{"href":"http:\/\/proreitoria.uea.edu.br\/propesp\/index.php\/wp-json\/wp\/v2\/types\/post"}],"author":[{"embeddable":true,"href":"http:\/\/proreitoria.uea.edu.br\/propesp\/index.php\/wp-json\/wp\/v2\/users\/10"}],"replies":[{"embeddable":true,"href":"http:\/\/proreitoria.uea.edu.br\/propesp\/index.php\/wp-json\/wp\/v2\/comments?post=1342"}],"version-history":[{"count":8,"href":"http:\/\/proreitoria.uea.edu.br\/propesp\/index.php\/wp-json\/wp\/v2\/posts\/1342\/revisions"}],"predecessor-version":[{"id":1380,"href":"http:\/\/proreitoria.uea.edu.br\/propesp\/index.php\/wp-json\/wp\/v2\/posts\/1342\/revisions\/1380"}],"wp:featuredmedia":[{"embeddable":true,"href":"http:\/\/proreitoria.uea.edu.br\/propesp\/index.php\/wp-json\/wp\/v2\/media\/1344"}],"wp:attachment":[{"href":"http:\/\/proreitoria.uea.edu.br\/propesp\/index.php\/wp-json\/wp\/v2\/media?parent=1342"}],"wp:term":[{"taxonomy":"category","embeddable":true,"href":"http:\/\/proreitoria.uea.edu.br\/propesp\/index.php\/wp-json\/wp\/v2\/categories?post=1342"},{"taxonomy":"post_tag","embeddable":true,"href":"http:\/\/proreitoria.uea.edu.br\/propesp\/index.php\/wp-json\/wp\/v2\/tags?post=1342"}],"curies":[{"name":"wp","href":"https:\/\/api.w.org\/{rel}","templated":true}]}}