{"id":1325,"date":"2025-10-29T11:12:16","date_gmt":"2025-10-29T15:12:16","guid":{"rendered":"https:\/\/proreitoria.uea.edu.br\/propesp\/?p=1325"},"modified":"2025-10-29T12:58:43","modified_gmt":"2025-10-29T16:58:43","slug":"pesquisa-de-aluno-da-uea-e-destaque-em-publicacao-nacional-da-capes-sobre-sustentabilidade-e-cop-30","status":"publish","type":"post","link":"http:\/\/proreitoria.uea.edu.br\/propesp\/index.php\/2025\/10\/29\/pesquisa-de-aluno-da-uea-e-destaque-em-publicacao-nacional-da-capes-sobre-sustentabilidade-e-cop-30\/","title":{"rendered":"Pesquisa de aluno da UEA \u00e9 destaque em publica\u00e7\u00e3o nacional da CAPES sobre sustentabilidade e COP-30"},"content":{"rendered":"\n<p>A pesquisa desenvolvida por Thiago Almeida Teixeira, aluno do Programa de P\u00f3s-Gradua\u00e7\u00e3o em Engenharia El\u00e9trica da Universidade do Estado do Amazonas (PPGEEL\/UEA), foi destaque nacional ao ser selecionada para compor o livro \u201cImpacto da P\u00f3s-Gradua\u00e7\u00e3o Brasileira na Agenda 2030: Contribui\u00e7\u00e3o da Capes para a COP30\u201d, lan\u00e7ado pela Coordena\u00e7\u00e3o de Aperfei\u00e7oamento de Pessoal de N\u00edvel Superior (Capes\/MEC).<\/p>\n\n\n\n<div class=\"wp-block-stackable-image stk-block-image stk-block stk-a53a3a7\" data-block-id=\"a53a3a7\"><figure><span class=\"stk-img-wrapper stk-image--shape-stretch\"><img loading=\"lazy\" decoding=\"async\" class=\"stk-img wp-image-1327\" src=\"http:\/\/proreitoria.uea.edu.br\/propesp\/wp-content\/uploads\/2025\/10\/Pesquisa-de-aluno-da-UEA-e-destaque-em-publicacao-nacional-da-CAPES-sobre-sustentabilidade-e-COP-30.png\" width=\"1366\" height=\"768\" srcset=\"http:\/\/proreitoria.uea.edu.br\/propesp\/wp-content\/uploads\/2025\/10\/Pesquisa-de-aluno-da-UEA-e-destaque-em-publicacao-nacional-da-CAPES-sobre-sustentabilidade-e-COP-30.png 1366w, http:\/\/proreitoria.uea.edu.br\/propesp\/wp-content\/uploads\/2025\/10\/Pesquisa-de-aluno-da-UEA-e-destaque-em-publicacao-nacional-da-CAPES-sobre-sustentabilidade-e-COP-30-300x169.png 300w, http:\/\/proreitoria.uea.edu.br\/propesp\/wp-content\/uploads\/2025\/10\/Pesquisa-de-aluno-da-UEA-e-destaque-em-publicacao-nacional-da-CAPES-sobre-sustentabilidade-e-COP-30-1024x576.png 1024w, http:\/\/proreitoria.uea.edu.br\/propesp\/wp-content\/uploads\/2025\/10\/Pesquisa-de-aluno-da-UEA-e-destaque-em-publicacao-nacional-da-CAPES-sobre-sustentabilidade-e-COP-30-768x432.png 768w\" sizes=\"auto, (max-width: 1366px) 100vw, 1366px\" \/><\/span><\/figure><\/div>\n\n\n\n<p>O trabalho, intitulado \u201cDesenvolvimento de dispositivo para sensoriamento em tempo real dos par\u00e2metros de qualidade da \u00e1gua do rio Amazonas para elabora\u00e7\u00e3o de um plano de gest\u00e3o\u201d, foi desenvolvido no Laborat\u00f3rio de Sistemas Embarcados (LSE\/UEA) e representa a Grande \u00c1rea de Engenharias na publica\u00e7\u00e3o. A pesquisa reflete o compromisso da UEA com a sustentabilidade e a inova\u00e7\u00e3o tecnol\u00f3gica voltadas \u00e0s demandas da Amaz\u00f4nia.<\/p>\n\n\n\n<div class=\"wp-block-stackable-image stk-block-image stk-block stk-f376bd8\" data-block-id=\"f376bd8\"><figure><span class=\"stk-img-wrapper stk-image--shape-stretch\"><img loading=\"lazy\" decoding=\"async\" class=\"stk-img wp-image-1334\" src=\"http:\/\/proreitoria.uea.edu.br\/propesp\/wp-content\/uploads\/2025\/10\/thiago-Almeida-upscaled-1.jpg\" width=\"1600\" height=\"1064\" srcset=\"http:\/\/proreitoria.uea.edu.br\/propesp\/wp-content\/uploads\/2025\/10\/thiago-Almeida-upscaled-1.jpg 1600w, http:\/\/proreitoria.uea.edu.br\/propesp\/wp-content\/uploads\/2025\/10\/thiago-Almeida-upscaled-1-300x200.jpg 300w, http:\/\/proreitoria.uea.edu.br\/propesp\/wp-content\/uploads\/2025\/10\/thiago-Almeida-upscaled-1-1024x681.jpg 1024w, http:\/\/proreitoria.uea.edu.br\/propesp\/wp-content\/uploads\/2025\/10\/thiago-Almeida-upscaled-1-768x511.jpg 768w, http:\/\/proreitoria.uea.edu.br\/propesp\/wp-content\/uploads\/2025\/10\/thiago-Almeida-upscaled-1-1536x1021.jpg 1536w\" sizes=\"auto, (max-width: 1600px) 100vw, 1600px\" \/><\/span><\/figure><\/div>\n\n\n\n<p>O projeto prop\u00f5e um dispositivo capaz de monitorar, em tempo real, a qualidade da \u00e1gua do rio Amazonas, fornecendo dados essenciais para a elabora\u00e7\u00e3o de pol\u00edticas p\u00fablicas de gest\u00e3o e preserva\u00e7\u00e3o dos recursos h\u00eddricos. A iniciativa alia ci\u00eancia aplicada e tecnologia de ponta para contribuir com o uso sustent\u00e1vel da \u00e1gua um dos maiores desafios ambientais da regi\u00e3o amaz\u00f4nica.<\/p>\n\n\n\n<p>Al\u00e9m de Thiago Almeida, participam da pesquisa os coautores Andr\u00e9 Luiz Printes, Raimundo Cl\u00e1udio Souza Gomes, F\u00e1bio de Sousa Cardoso, Carlossandro Carvalho da Albuquerque, Ieda Hortencio Batista, Jos\u00e9 Camilo Ramos de Souza e Israel Gondres Torn\u00e9 (Senior Member IEEE).<\/p>\n\n\n\n<p>A pesquisa tamb\u00e9m se destaca por sua contribui\u00e7\u00e3o direta para os Objetivos de Desenvolvimento Sustent\u00e1vel (ODS) da Organiza\u00e7\u00e3o das Na\u00e7\u00f5es Unidas (ONU), em especial os ODS 3 (Sa\u00fade e Bem-Estar), 6 (\u00c1gua Pot\u00e1vel e Saneamento), 12 (Consumo e Produ\u00e7\u00e3o Respons\u00e1veis), 14 (Vida na \u00c1gua) e 16 (Paz, Justi\u00e7a e Institui\u00e7\u00f5es Eficazes).<\/p>\n\n\n\n<p>O livro lan\u00e7ado pela CAPES, no dia 8 de outubro, em Bras\u00edlia, re\u00fane iniciativas de programas de p\u00f3s-gradua\u00e7\u00e3o de todo o pa\u00eds que contribuem para a Agenda 2030 e a 30\u00aa Confer\u00eancia das Na\u00e7\u00f5es Unidas sobre Mudan\u00e7as Clim\u00e1ticas (COP30), que ser\u00e1 realizada em Bel\u00e9m (PA) em novembro de 2025.<\/p>\n\n\n\n<p>De acordo com a presidente da Capes, Denise Pires de Carvalho, a obra refor\u00e7a o papel estrat\u00e9gico da p\u00f3s-gradua\u00e7\u00e3o brasileira na forma\u00e7\u00e3o de pesquisadores comprometidos com os desafios globais da sustentabilidade. \u201cEsta publica\u00e7\u00e3o mostra exemplos do que j\u00e1 vem sendo feito no \u00e2mbito da p\u00f3s-gradua\u00e7\u00e3o e aponta caminhos para um Brasil mais justo, inclusivo e sustent\u00e1vel\u201d, afirmou.<\/p>\n\n\n\n<p>A conquista de Thiago Almeida e de sua equipe representa o impacto da pesquisa cient\u00edfica desenvolvida na UEA e evidencia a import\u00e2ncia da p\u00f3s-gradua\u00e7\u00e3o amazonense na constru\u00e7\u00e3o de solu\u00e7\u00f5es para um futuro ambientalmente equilibrado. A obra \u201cImpacto da P\u00f3s-Gradua\u00e7\u00e3o Brasileira na Agenda 2030: Contribui\u00e7\u00e3o da Capes para a COP30\u201d est\u00e1 dispon\u00edvel no portal&nbsp;da&nbsp;Capes.<\/p>\n\n\n\n<p><\/p>\n","protected":false},"excerpt":{"rendered":"<p>Pesquisa de aluno da UEA sobre qualidade da \u00e1gua do Amazonas ganha destaque nacional pela CAPES.<\/p>\n","protected":false},"author":10,"featured_media":1334,"comment_status":"closed","ping_status":"closed","sticky":false,"template":"","format":"standard","meta":{"footnotes":""},"categories":[8,2],"tags":[],"class_list":["post-1325","post","type-post","status-publish","format-standard","has-post-thumbnail","hentry","category-comunidade-uea","category-noticias"],"blocksy_meta":[],"_links":{"self":[{"href":"http:\/\/proreitoria.uea.edu.br\/propesp\/index.php\/wp-json\/wp\/v2\/posts\/1325","targetHints":{"allow":["GET"]}}],"collection":[{"href":"http:\/\/proreitoria.uea.edu.br\/propesp\/index.php\/wp-json\/wp\/v2\/posts"}],"about":[{"href":"http:\/\/proreitoria.uea.edu.br\/propesp\/index.php\/wp-json\/wp\/v2\/types\/post"}],"author":[{"embeddable":true,"href":"http:\/\/proreitoria.uea.edu.br\/propesp\/index.php\/wp-json\/wp\/v2\/users\/10"}],"replies":[{"embeddable":true,"href":"http:\/\/proreitoria.uea.edu.br\/propesp\/index.php\/wp-json\/wp\/v2\/comments?post=1325"}],"version-history":[{"count":5,"href":"http:\/\/proreitoria.uea.edu.br\/propesp\/index.php\/wp-json\/wp\/v2\/posts\/1325\/revisions"}],"predecessor-version":[{"id":1336,"href":"http:\/\/proreitoria.uea.edu.br\/propesp\/index.php\/wp-json\/wp\/v2\/posts\/1325\/revisions\/1336"}],"wp:featuredmedia":[{"embeddable":true,"href":"http:\/\/proreitoria.uea.edu.br\/propesp\/index.php\/wp-json\/wp\/v2\/media\/1334"}],"wp:attachment":[{"href":"http:\/\/proreitoria.uea.edu.br\/propesp\/index.php\/wp-json\/wp\/v2\/media?parent=1325"}],"wp:term":[{"taxonomy":"category","embeddable":true,"href":"http:\/\/proreitoria.uea.edu.br\/propesp\/index.php\/wp-json\/wp\/v2\/categories?post=1325"},{"taxonomy":"post_tag","embeddable":true,"href":"http:\/\/proreitoria.uea.edu.br\/propesp\/index.php\/wp-json\/wp\/v2\/tags?post=1325"}],"curies":[{"name":"wp","href":"https:\/\/api.w.org\/{rel}","templated":true}]}}