{"id":1258,"date":"2025-10-17T15:37:55","date_gmt":"2025-10-17T19:37:55","guid":{"rendered":"https:\/\/proreitoria.uea.edu.br\/propesp\/?p=1258"},"modified":"2025-10-17T15:37:55","modified_gmt":"2025-10-17T19:37:55","slug":"uea-e-fapeam-reforcam-parceria-em-reuniao-de-alinhamento-tecnico","status":"publish","type":"post","link":"http:\/\/proreitoria.uea.edu.br\/propesp\/index.php\/2025\/10\/17\/uea-e-fapeam-reforcam-parceria-em-reuniao-de-alinhamento-tecnico\/","title":{"rendered":"UEA e Fapeam refor\u00e7am parceria em reuni\u00e3o de alinhamento t\u00e9cnico"},"content":{"rendered":"\n<p>A Universidade do Estado do Amazonas (UEA), por meio da Pr\u00f3-Reitoria de Pesquisa e P\u00f3s-Gradua\u00e7\u00e3o (Propesp), participou, na manh\u00e3 desta sexta-feira (17\/10), de uma reuni\u00e3o na sede da Funda\u00e7\u00e3o de Amparo \u00e0 Pesquisa do Estado do Amazonas (Fapeam). O encontro teve como objetivo fortalecer a parceria entre as institui\u00e7\u00f5es e alinhar a\u00e7\u00f5es voltadas ao desenvolvimento da pesquisa e da p\u00f3s-gradua\u00e7\u00e3o no estado.<\/p>\n\n\n\n<p>A reuni\u00e3o contou com a presen\u00e7a do pr\u00f5-reitor de Pesquisa e P\u00f3s-Gradua\u00e7\u00e3o, Prof. Dr. Roberto Sanches Mubarac Sobrinho; da Prof.\u00aa Dra. Patr\u00edcia Melchionna, coordenadora de P\u00f3s-Gradua\u00e7\u00e3o stricto sensu; da Prof.\u00aa Dra. J\u00e9ssica Takahashi, coordenadora de Pesquisa; al\u00e9m das ger\u00eancias t\u00e9cnicas das duas coordena\u00e7\u00f5es da Propesp.<\/p>\n\n\n\n<div class=\"wp-block-stackable-image stk-block-image stk-block stk-02e15df\" data-block-id=\"02e15df\"><figure><span class=\"stk-img-wrapper stk-image--shape-stretch\"><img loading=\"lazy\" decoding=\"async\" class=\"stk-img wp-image-1259\" src=\"http:\/\/proreitoria.uea.edu.br\/propesp\/wp-content\/uploads\/2025\/10\/Imagem-do-WhatsApp-de-2025-10-17-as-11.52.04_82ec2b81.jpg\" width=\"1280\" height=\"960\" srcset=\"http:\/\/proreitoria.uea.edu.br\/propesp\/wp-content\/uploads\/2025\/10\/Imagem-do-WhatsApp-de-2025-10-17-as-11.52.04_82ec2b81.jpg 1280w, http:\/\/proreitoria.uea.edu.br\/propesp\/wp-content\/uploads\/2025\/10\/Imagem-do-WhatsApp-de-2025-10-17-as-11.52.04_82ec2b81-300x225.jpg 300w, http:\/\/proreitoria.uea.edu.br\/propesp\/wp-content\/uploads\/2025\/10\/Imagem-do-WhatsApp-de-2025-10-17-as-11.52.04_82ec2b81-1024x768.jpg 1024w, http:\/\/proreitoria.uea.edu.br\/propesp\/wp-content\/uploads\/2025\/10\/Imagem-do-WhatsApp-de-2025-10-17-as-11.52.04_82ec2b81-768x576.jpg 768w\" sizes=\"auto, (max-width: 1280px) 100vw, 1280px\" \/><\/span><\/figure><\/div>\n\n\n\n<p>Representando a Fapeam, estiveram presentes o diretor t\u00e9cnico-cient\u00edfico, Prof. Hedinaldo Narciso Lima; a analista t\u00e9cnica do Programa de Apoio \u00e0 Inicia\u00e7\u00e3o Cient\u00edfica (PAIC), Carla; e o analista t\u00e9cnico do Programa de Apoio \u00e0 P\u00f3s-Gradua\u00e7\u00e3o (Posgrad\/Fapeam), Solon Godinho.<\/p>\n\n\n\n<p>Durante o encontro, foi apresentada a nova equipe da Propesp, bem como as principais frentes de atua\u00e7\u00e3o da Pr\u00f3-Reitoria. Foram ressaltados os apoios concedidos pela Fapeam nos \u00faltimos anos \u2014 como aux\u00edlios financeiros \u00e0 pesquisa, bolsas dos programas PAIC e Posgrad, e editais de fomento  que t\u00eam sido fundamentais para o fortalecimento da p\u00f3s-gradua\u00e7\u00e3o e da produ\u00e7\u00e3o cient\u00edfica na UEA.<\/p>\n\n\n\n<p>O di\u00e1logo tamb\u00e9m abordou demandas em andamento e sugest\u00f5es para aprimorar os processos de coopera\u00e7\u00e3o e comunica\u00e7\u00e3o entre as equipes. A reuni\u00e3o marcou mais um passo importante na consolida\u00e7\u00e3o da parceria entre a UEA e a Fapeam, institui\u00e7\u00f5es que seguem comprometidas com o avan\u00e7o da ci\u00eancia e a forma\u00e7\u00e3o de pesquisadores&nbsp;no&nbsp;Amazonas.<\/p>\n","protected":false},"excerpt":{"rendered":"<p>A Universidade do Estado do Amazonas (UEA), por meio da Pr\u00f3-Reitoria de Pesquisa e P\u00f3s-Gradua\u00e7\u00e3o (Propesp), participou, na manh\u00e3 desta sexta-feira (17\/10), de uma reuni\u00e3o na sede da Funda\u00e7\u00e3o de Amparo \u00e0 Pesquisa do Estado do Amazonas (Fapeam). O encontro teve como objetivo fortalecer a parceria entre as institui\u00e7\u00f5es e alinhar a\u00e7\u00f5es voltadas ao desenvolvimento [&hellip;]<\/p>\n","protected":false},"author":10,"featured_media":1259,"comment_status":"open","ping_status":"open","sticky":false,"template":"","format":"standard","meta":{"footnotes":""},"categories":[1],"tags":[],"class_list":["post-1258","post","type-post","status-publish","format-standard","has-post-thumbnail","hentry","category-pos-graduacao"],"blocksy_meta":[],"_links":{"self":[{"href":"http:\/\/proreitoria.uea.edu.br\/propesp\/index.php\/wp-json\/wp\/v2\/posts\/1258","targetHints":{"allow":["GET"]}}],"collection":[{"href":"http:\/\/proreitoria.uea.edu.br\/propesp\/index.php\/wp-json\/wp\/v2\/posts"}],"about":[{"href":"http:\/\/proreitoria.uea.edu.br\/propesp\/index.php\/wp-json\/wp\/v2\/types\/post"}],"author":[{"embeddable":true,"href":"http:\/\/proreitoria.uea.edu.br\/propesp\/index.php\/wp-json\/wp\/v2\/users\/10"}],"replies":[{"embeddable":true,"href":"http:\/\/proreitoria.uea.edu.br\/propesp\/index.php\/wp-json\/wp\/v2\/comments?post=1258"}],"version-history":[{"count":1,"href":"http:\/\/proreitoria.uea.edu.br\/propesp\/index.php\/wp-json\/wp\/v2\/posts\/1258\/revisions"}],"predecessor-version":[{"id":1260,"href":"http:\/\/proreitoria.uea.edu.br\/propesp\/index.php\/wp-json\/wp\/v2\/posts\/1258\/revisions\/1260"}],"wp:featuredmedia":[{"embeddable":true,"href":"http:\/\/proreitoria.uea.edu.br\/propesp\/index.php\/wp-json\/wp\/v2\/media\/1259"}],"wp:attachment":[{"href":"http:\/\/proreitoria.uea.edu.br\/propesp\/index.php\/wp-json\/wp\/v2\/media?parent=1258"}],"wp:term":[{"taxonomy":"category","embeddable":true,"href":"http:\/\/proreitoria.uea.edu.br\/propesp\/index.php\/wp-json\/wp\/v2\/categories?post=1258"},{"taxonomy":"post_tag","embeddable":true,"href":"http:\/\/proreitoria.uea.edu.br\/propesp\/index.php\/wp-json\/wp\/v2\/tags?post=1258"}],"curies":[{"name":"wp","href":"https:\/\/api.w.org\/{rel}","templated":true}]}}