{"id":1231,"date":"2025-10-14T15:20:23","date_gmt":"2025-10-14T19:20:23","guid":{"rendered":"https:\/\/proreitoria.uea.edu.br\/propesp\/?p=1231"},"modified":"2025-10-14T15:21:27","modified_gmt":"2025-10-14T19:21:27","slug":"uea-participa-do-comite-avaliador-do-programa-gcub-mob-na-universidade-federal-de-uberlandia","status":"publish","type":"post","link":"http:\/\/proreitoria.uea.edu.br\/propesp\/index.php\/2025\/10\/14\/uea-participa-do-comite-avaliador-do-programa-gcub-mob-na-universidade-federal-de-uberlandia\/","title":{"rendered":"UEA participa do Comit\u00ea Avaliador do Programa GCUB-Mob na Universidade Federal de Uberl\u00e2ndia"},"content":{"rendered":"\n<p>No per\u00edodo de 13 a 16 de outubro, na Universidade Federal de Uberl\u00e2ndia (UFU), ocorre o encontro da 4\u00aa edi\u00e7\u00e3o do programa GCUB-Mob. A Universidade do Estado do Amazonas (UEA) participa do evento por meio do Prof. Dr. Carlos Renato R. de Jesus, que representa o Pr\u00f3-Reitor de Pesquisa e P\u00f3s-Gradua\u00e7\u00e3o, Prof. Dr. Roberto Sanches Mubarac Sobrinho.<\/p>\n\n\n\n<div class=\"wp-block-stackable-image stk-block-image stk-block stk-8143def\" data-block-id=\"8143def\"><figure><span class=\"stk-img-wrapper stk-image--shape-stretch\"><img loading=\"lazy\" decoding=\"async\" class=\"stk-img wp-image-1235\" src=\"http:\/\/proreitoria.uea.edu.br\/propesp\/wp-content\/uploads\/2025\/10\/Imagem-do-WhatsApp-de-2025-10-14-as-14.47.13_65755d70-1.jpg\" width=\"960\" height=\"536\" srcset=\"http:\/\/proreitoria.uea.edu.br\/propesp\/wp-content\/uploads\/2025\/10\/Imagem-do-WhatsApp-de-2025-10-14-as-14.47.13_65755d70-1.jpg 960w, http:\/\/proreitoria.uea.edu.br\/propesp\/wp-content\/uploads\/2025\/10\/Imagem-do-WhatsApp-de-2025-10-14-as-14.47.13_65755d70-1-300x168.jpg 300w, http:\/\/proreitoria.uea.edu.br\/propesp\/wp-content\/uploads\/2025\/10\/Imagem-do-WhatsApp-de-2025-10-14-as-14.47.13_65755d70-1-768x429.jpg 768w\" sizes=\"auto, (max-width: 960px) 100vw, 960px\" \/><\/span><\/figure><\/div>\n\n\n\n<p>O Grupo de Coopera\u00e7\u00e3o Internacional de Universidades Brasileiras (GCUB) \u00e9 uma associa\u00e7\u00e3o civil sem fins lucrativos, fundada em 2008, que re\u00fane institui\u00e7\u00f5es de ensino superior brasileiras comprometidas com a internacionaliza\u00e7\u00e3o e a coopera\u00e7\u00e3o acad\u00eamica. O programa GCUB-Mob (Mobilidade Internacional), realizado em parceria com a CAPES e diversas institui\u00e7\u00f5es de fomento, busca atrair estudantes estrangeiros para cursos de mestrado e doutorado em universidades brasileiras associadas.<\/p>\n\n\n\n<p>Em sua 4\u00aa edi\u00e7\u00e3o, o edital prev\u00ea a oferta de 888 vagas em programas de p\u00f3s-gradua\u00e7\u00e3o no Brasil para estudantes de mais de 131 pa\u00edses, com bolsas concedidas pelas entidades parceiras e pelos pr\u00f3prios programas participantes. Durante o encontro, o comit\u00ea avaliador realiza a an\u00e1lise e a sele\u00e7\u00e3o dos candidatos contemplados, promovendo o interc\u00e2mbio de ideias, a diversidade cultural e o fortalecimento das redes de pesquisa e doc\u00eancia.<\/p>\n\n\n\n<p>A participa\u00e7\u00e3o da UEA no evento refor\u00e7a o compromisso da institui\u00e7\u00e3o com a internacionaliza\u00e7\u00e3o da p\u00f3s-gradua\u00e7\u00e3o, possibilitando a capta\u00e7\u00e3o de estudantes estrangeiros, a celebra\u00e7\u00e3o de conv\u00eanios de coopera\u00e7\u00e3o e dupla titula\u00e7\u00e3o, al\u00e9m de ampliar a visibilidade acad\u00eamica da universidade no cen\u00e1rio internacional.<\/p>\n\n\n\n<p>Durante o encontro, o reitor da UFU recebeu uma placa de reconhecimento do GCUB em agradecimento ao apoio e \u00e0 parceria institucional na realiza\u00e7\u00e3o do programa.<\/p>\n\n\n\n<div class=\"wp-block-stackable-image stk-block-image stk-block stk-5aeb6b0\" data-block-id=\"5aeb6b0\"><figure><span class=\"stk-img-wrapper stk-image--shape-stretch\"><img loading=\"lazy\" decoding=\"async\" class=\"stk-img wp-image-1233\" src=\"http:\/\/proreitoria.uea.edu.br\/propesp\/wp-content\/uploads\/2025\/10\/Imagem-do-WhatsApp-de-2025-10-14-as-14.47.12_f9604af1.jpg\" width=\"1280\" height=\"960\" srcset=\"http:\/\/proreitoria.uea.edu.br\/propesp\/wp-content\/uploads\/2025\/10\/Imagem-do-WhatsApp-de-2025-10-14-as-14.47.12_f9604af1.jpg 1280w, http:\/\/proreitoria.uea.edu.br\/propesp\/wp-content\/uploads\/2025\/10\/Imagem-do-WhatsApp-de-2025-10-14-as-14.47.12_f9604af1-300x225.jpg 300w, http:\/\/proreitoria.uea.edu.br\/propesp\/wp-content\/uploads\/2025\/10\/Imagem-do-WhatsApp-de-2025-10-14-as-14.47.12_f9604af1-1024x768.jpg 1024w, http:\/\/proreitoria.uea.edu.br\/propesp\/wp-content\/uploads\/2025\/10\/Imagem-do-WhatsApp-de-2025-10-14-as-14.47.12_f9604af1-768x576.jpg 768w\" sizes=\"auto, (max-width: 1280px) 100vw, 1280px\" \/><\/span><\/figure><\/div>\n","protected":false},"excerpt":{"rendered":"<p>No per\u00edodo de 13 a 16 de outubro, na Universidade Federal de Uberl\u00e2ndia (UFU), ocorre o encontro da 4\u00aa edi\u00e7\u00e3o do programa GCUB-Mob. A Universidade do Estado do Amazonas (UEA) participa do evento por meio do Prof. Dr. Carlos Renato R. de Jesus, que representa o Pr\u00f3-Reitor de Pesquisa e P\u00f3s-Gradua\u00e7\u00e3o, Prof. Dr. Roberto Sanches [&hellip;]<\/p>\n","protected":false},"author":10,"featured_media":1235,"comment_status":"open","ping_status":"open","sticky":false,"template":"","format":"standard","meta":{"footnotes":""},"categories":[2],"tags":[],"class_list":["post-1231","post","type-post","status-publish","format-standard","has-post-thumbnail","hentry","category-noticias"],"blocksy_meta":[],"_links":{"self":[{"href":"http:\/\/proreitoria.uea.edu.br\/propesp\/index.php\/wp-json\/wp\/v2\/posts\/1231","targetHints":{"allow":["GET"]}}],"collection":[{"href":"http:\/\/proreitoria.uea.edu.br\/propesp\/index.php\/wp-json\/wp\/v2\/posts"}],"about":[{"href":"http:\/\/proreitoria.uea.edu.br\/propesp\/index.php\/wp-json\/wp\/v2\/types\/post"}],"author":[{"embeddable":true,"href":"http:\/\/proreitoria.uea.edu.br\/propesp\/index.php\/wp-json\/wp\/v2\/users\/10"}],"replies":[{"embeddable":true,"href":"http:\/\/proreitoria.uea.edu.br\/propesp\/index.php\/wp-json\/wp\/v2\/comments?post=1231"}],"version-history":[{"count":1,"href":"http:\/\/proreitoria.uea.edu.br\/propesp\/index.php\/wp-json\/wp\/v2\/posts\/1231\/revisions"}],"predecessor-version":[{"id":1236,"href":"http:\/\/proreitoria.uea.edu.br\/propesp\/index.php\/wp-json\/wp\/v2\/posts\/1231\/revisions\/1236"}],"wp:featuredmedia":[{"embeddable":true,"href":"http:\/\/proreitoria.uea.edu.br\/propesp\/index.php\/wp-json\/wp\/v2\/media\/1235"}],"wp:attachment":[{"href":"http:\/\/proreitoria.uea.edu.br\/propesp\/index.php\/wp-json\/wp\/v2\/media?parent=1231"}],"wp:term":[{"taxonomy":"category","embeddable":true,"href":"http:\/\/proreitoria.uea.edu.br\/propesp\/index.php\/wp-json\/wp\/v2\/categories?post=1231"},{"taxonomy":"post_tag","embeddable":true,"href":"http:\/\/proreitoria.uea.edu.br\/propesp\/index.php\/wp-json\/wp\/v2\/tags?post=1231"}],"curies":[{"name":"wp","href":"https:\/\/api.w.org\/{rel}","templated":true}]}}