{"id":1191,"date":"2025-10-02T10:44:44","date_gmt":"2025-10-02T14:44:44","guid":{"rendered":"https:\/\/proreitoria.uea.edu.br\/propesp\/?p=1191"},"modified":"2025-10-09T10:55:14","modified_gmt":"2025-10-09T14:55:14","slug":"uea-participa-da-xvii-assembleia-geral-e-xv-seminario-internacional-do-gcub-em-recife","status":"publish","type":"post","link":"http:\/\/proreitoria.uea.edu.br\/propesp\/index.php\/2025\/10\/02\/uea-participa-da-xvii-assembleia-geral-e-xv-seminario-internacional-do-gcub-em-recife\/","title":{"rendered":"UEA participa da XVII Assembleia Geral e XV Semin\u00e1rio Internacional do GCUB em Recife"},"content":{"rendered":"\n<p>A Universidade do Estado do Amazonas (UEA) participou, entre os dias 30 de setembro e 3 de outubro, da XVII Assembleia Geral e do XV Semin\u00e1rio Internacional do Grupo de Coopera\u00e7\u00e3o Internacional de Universidades Brasileiras (GCUB), realizado em Recife (PE). O evento reuniu reitores, pr\u00f3-reitores e representantes de institui\u00e7\u00f5es de ensino superior de diversos pa\u00edses para discutir estrat\u00e9gias de internacionaliza\u00e7\u00e3o, coopera\u00e7\u00e3o acad\u00eamica e o fortalecimento da educa\u00e7\u00e3o superior brasileira no cen\u00e1rio global.<\/p>\n\n\n\n<div class=\"wp-block-stackable-image stk-block-image stk-block stk-d1821d4\" data-block-id=\"d1821d4\"><figure><span class=\"stk-img-wrapper stk-image--shape-stretch\"><img loading=\"lazy\" decoding=\"async\" class=\"stk-img wp-image-1195\" src=\"http:\/\/proreitoria.uea.edu.br\/propesp\/wp-content\/uploads\/2025\/10\/WhatsApp-Image-2025-10-02-at-08.59.16-edited.jpeg\" width=\"1200\" height=\"675\" srcset=\"http:\/\/proreitoria.uea.edu.br\/propesp\/wp-content\/uploads\/2025\/10\/WhatsApp-Image-2025-10-02-at-08.59.16-edited.jpeg 1200w, http:\/\/proreitoria.uea.edu.br\/propesp\/wp-content\/uploads\/2025\/10\/WhatsApp-Image-2025-10-02-at-08.59.16-edited-300x169.jpeg 300w, http:\/\/proreitoria.uea.edu.br\/propesp\/wp-content\/uploads\/2025\/10\/WhatsApp-Image-2025-10-02-at-08.59.16-edited-1024x576.jpeg 1024w, http:\/\/proreitoria.uea.edu.br\/propesp\/wp-content\/uploads\/2025\/10\/WhatsApp-Image-2025-10-02-at-08.59.16-edited-768x432.jpeg 768w\" sizes=\"auto, (max-width: 1200px) 100vw, 1200px\" \/><\/span><\/figure><\/div>\n\n\n\n<p>A programa\u00e7\u00e3o contou com debates sobre os desafios atuais da educa\u00e7\u00e3o internacional, a mobilidade acad\u00eamica, os avan\u00e7os em ci\u00eancia e tecnologia, al\u00e9m de oportunidades de parcerias multilaterais. As discuss\u00f5es destacaram tamb\u00e9m programas de bolsas para p\u00f3s-gradua\u00e7\u00e3o em universidades estrangeiras e iniciativas de pesquisa conjunta em \u00e1reas estrat\u00e9gicas.<\/p>\n\n\n\n<p>A UEA foi representada pelo pr\u00f3-reitor de Pesquisa e P\u00f3s-Gradua\u00e7\u00e3o, professor Dr. Roberto Sanches Mubarac Sobrinho, que ressaltou a import\u00e2ncia da presen\u00e7a da institui\u00e7\u00e3o no evento.<br><em>\u201cA UEA tem avan\u00e7ado no fortalecimento de redes de pesquisa e de coopera\u00e7\u00e3o acad\u00eamica. Estar no GCUB \u00e9 fundamental para ampliar nossas possibilidades de interc\u00e2mbio, criar novas oportunidades para nossos alunos e professores e colocar a Amaz\u00f4nia em di\u00e1logo com o mundo\u201d<\/em>, destacou o pr\u00f3-reitor.<\/p>\n\n\n\n<p>A Assessoria de Rela\u00e7\u00f5es Internacionais (ARI) tamb\u00e9m marcou presen\u00e7a, representada pela professora Dra. Van\u00fabia Moncayo, integrante do comit\u00ea gestor do GCUB, que representou o reitor professor Dr. Andr\u00e9 Zogahib no evento e enfatizou o crescimento da internacionaliza\u00e7\u00e3o na UEA.<\/p>\n\n\n\n<p>A coordenadora de P\u00f3s-Gradua\u00e7\u00e3o Stricto Sensu da UEA, professora Dra. Patr\u00edcia Melchionna, tamb\u00e9m participou das atividades, refor\u00e7ando o compromisso da universidade com a amplia\u00e7\u00e3o das a\u00e7\u00f5es de internacionaliza\u00e7\u00e3o e coopera\u00e7\u00e3o cient\u00edfica.<\/p>\n\n\n\n<p><strong>Sobre o Gcub<\/strong><\/p>\n\n\n\n<p>Fundado em 2008, o Grupo de Coopera\u00e7\u00e3o Internacional de Universidades Brasileiras (GCUB) re\u00fane atualmente mais de 90 universidades do pa\u00eds. Sua miss\u00e3o \u00e9 promover a coopera\u00e7\u00e3o internacional e fomentar a inser\u00e7\u00e3o global da educa\u00e7\u00e3o superior brasileira. No Brasil, as a\u00e7\u00f5es do GCUB contam com o apoio do Minist\u00e9rio da Educa\u00e7\u00e3o (MEC) e do Minist\u00e9rio das Rela\u00e7\u00f5es Exteriores (MRE), por meio da Divis\u00e3o de Coopera\u00e7\u00e3o Educacional (DCE).<\/p>\n\n\n\n<p><\/p>\n","protected":false},"excerpt":{"rendered":"<p>A Universidade do Estado do Amazonas (UEA) participou, entre os dias 30 de setembro e 3 de outubro, da XVII Assembleia Geral e do XV Semin\u00e1rio Internacional do Grupo de Coopera\u00e7\u00e3o Internacional de Universidades Brasileiras (GCUB), realizado em Recife (PE). O evento reuniu reitores, pr\u00f3-reitores e representantes de institui\u00e7\u00f5es de ensino superior de diversos pa\u00edses [&hellip;]<\/p>\n","protected":false},"author":10,"featured_media":1195,"comment_status":"open","ping_status":"open","sticky":false,"template":"","format":"standard","meta":{"footnotes":""},"categories":[1],"tags":[],"class_list":["post-1191","post","type-post","status-publish","format-standard","has-post-thumbnail","hentry","category-pos-graduacao"],"blocksy_meta":[],"_links":{"self":[{"href":"http:\/\/proreitoria.uea.edu.br\/propesp\/index.php\/wp-json\/wp\/v2\/posts\/1191","targetHints":{"allow":["GET"]}}],"collection":[{"href":"http:\/\/proreitoria.uea.edu.br\/propesp\/index.php\/wp-json\/wp\/v2\/posts"}],"about":[{"href":"http:\/\/proreitoria.uea.edu.br\/propesp\/index.php\/wp-json\/wp\/v2\/types\/post"}],"author":[{"embeddable":true,"href":"http:\/\/proreitoria.uea.edu.br\/propesp\/index.php\/wp-json\/wp\/v2\/users\/10"}],"replies":[{"embeddable":true,"href":"http:\/\/proreitoria.uea.edu.br\/propesp\/index.php\/wp-json\/wp\/v2\/comments?post=1191"}],"version-history":[{"count":3,"href":"http:\/\/proreitoria.uea.edu.br\/propesp\/index.php\/wp-json\/wp\/v2\/posts\/1191\/revisions"}],"predecessor-version":[{"id":1197,"href":"http:\/\/proreitoria.uea.edu.br\/propesp\/index.php\/wp-json\/wp\/v2\/posts\/1191\/revisions\/1197"}],"wp:featuredmedia":[{"embeddable":true,"href":"http:\/\/proreitoria.uea.edu.br\/propesp\/index.php\/wp-json\/wp\/v2\/media\/1195"}],"wp:attachment":[{"href":"http:\/\/proreitoria.uea.edu.br\/propesp\/index.php\/wp-json\/wp\/v2\/media?parent=1191"}],"wp:term":[{"taxonomy":"category","embeddable":true,"href":"http:\/\/proreitoria.uea.edu.br\/propesp\/index.php\/wp-json\/wp\/v2\/categories?post=1191"},{"taxonomy":"post_tag","embeddable":true,"href":"http:\/\/proreitoria.uea.edu.br\/propesp\/index.php\/wp-json\/wp\/v2\/tags?post=1191"}],"curies":[{"name":"wp","href":"https:\/\/api.w.org\/{rel}","templated":true}]}}