{"id":1162,"date":"2025-04-22T12:23:00","date_gmt":"2025-04-22T16:23:00","guid":{"rendered":"https:\/\/proreitoria.uea.edu.br\/propesp\/?p=1162"},"modified":"2026-04-08T08:05:57","modified_gmt":"2026-04-08T12:05:57","slug":"comunicado-de-suspensao","status":"publish","type":"post","link":"http:\/\/proreitoria.uea.edu.br\/propesp\/index.php\/2025\/04\/22\/comunicado-de-suspensao\/","title":{"rendered":"Comunicado de Suspens\u00e3o"},"content":{"rendered":"\n<p>A Universidade do Estado do Amazonas (UEA), por meio da Pr\u00f3-Reitoria de Pesquisa e P\u00f3s-Gradua\u00e7\u00e3o (PROPESP) e da Coordena\u00e7\u00e3o de Pesquisa e Projetos Institucionais (CPPI), comunica a suspens\u00e3o da Chamada Interna n\u00b0 001\/2025 \u2013 CPPI\/PROPESP\/UEA \u2013 Sele\u00e7\u00e3o de Projetos PR\u00d3-AMAZ\u00d4NIA.<\/p>\n\n\n\n<p>A medida foi adotada com base em esclarecimentos fornecidos por analistas de Ci\u00eancia e Tecnologia do Minist\u00e9rio da Ci\u00eancia, Tecnologia e Inova\u00e7\u00e3o (MCTI) e do Conselho Nacional de Desenvolvimento Cient\u00edfico e Tecnol\u00f3gico- CNPq.<\/p>\n\n\n\n<p>A PROPESP\/UEA orienta que os pesquisadores interessados solicitem previamente \u00e0 PROPESP uma carta de anu\u00eancia institucional e realizem a submiss\u00e3o de suas propostas diretamente na plataforma do CNPq, observando atentamente os crit\u00e9rios e prazos estabelecidos no edital.<\/p>\n\n\n\n<p>Mais informa\u00e7\u00f5es podem ser obtidas junto \u00e0 CPPI\/PROPESP, na p\u00e1gina da PROPESP (<a rel=\"noreferrer noopener\" href=\"https:\/\/propesp.uea.edu.br\/\" target=\"_blank\">https:\/\/propesp.uea.edu.br\/projetos-institucionais\/<\/a>) ou pelo endere\u00e7o eletr\u00f4nico:&nbsp;<a rel=\"noreferrer noopener\" href=\"mailto:pospesquisa@uea.edu.br\" target=\"_blank\">pospesquisa@uea.edu.br<\/a>.<\/p>\n\n\n\n<div class=\"wp-block-stackable-image stk-block-image stk-block stk-cd5adc8\" data-block-id=\"cd5adc8\"><figure><span class=\"stk-img-wrapper stk-image--shape-stretch\"><img loading=\"lazy\" decoding=\"async\" class=\"stk-img wp-image-1164\" src=\"http:\/\/proreitoria.uea.edu.br\/propesp\/wp-content\/uploads\/2025\/10\/Post-para-Instagram-Aviso-de-ferias-moderno-verde-Site-3-1.png\" width=\"1366\" height=\"768\" srcset=\"http:\/\/proreitoria.uea.edu.br\/propesp\/wp-content\/uploads\/2025\/10\/Post-para-Instagram-Aviso-de-ferias-moderno-verde-Site-3-1.png 1366w, http:\/\/proreitoria.uea.edu.br\/propesp\/wp-content\/uploads\/2025\/10\/Post-para-Instagram-Aviso-de-ferias-moderno-verde-Site-3-1-300x169.png 300w, http:\/\/proreitoria.uea.edu.br\/propesp\/wp-content\/uploads\/2025\/10\/Post-para-Instagram-Aviso-de-ferias-moderno-verde-Site-3-1-1024x576.png 1024w, http:\/\/proreitoria.uea.edu.br\/propesp\/wp-content\/uploads\/2025\/10\/Post-para-Instagram-Aviso-de-ferias-moderno-verde-Site-3-1-768x432.png 768w\" sizes=\"auto, (max-width: 1366px) 100vw, 1366px\" \/><\/span><\/figure><\/div>\n","protected":false},"excerpt":{"rendered":"<p>A Universidade do Estado do Amazonas (UEA), por meio da Pr\u00f3-Reitoria de Pesquisa e P\u00f3s-Gradua\u00e7\u00e3o (PROPESP) e da Coordena\u00e7\u00e3o de Pesquisa e Projetos Institucionais (CPPI), comunica a suspens\u00e3o da Chamada Interna n\u00b0 001\/2025 \u2013 CPPI\/PROPESP\/UEA \u2013 Sele\u00e7\u00e3o de Projetos PR\u00d3-AMAZ\u00d4NIA. A medida foi adotada com base em esclarecimentos fornecidos por analistas de Ci\u00eancia e Tecnologia [&hellip;]<\/p>\n","protected":false},"author":10,"featured_media":1164,"comment_status":"closed","ping_status":"open","sticky":false,"template":"","format":"standard","meta":{"footnotes":""},"categories":[2],"tags":[],"class_list":["post-1162","post","type-post","status-publish","format-standard","has-post-thumbnail","hentry","category-noticias"],"blocksy_meta":{"styles_descriptor":{"styles":{"desktop":"","tablet":"","mobile":""},"google_fonts":[],"version":6}},"_links":{"self":[{"href":"http:\/\/proreitoria.uea.edu.br\/propesp\/index.php\/wp-json\/wp\/v2\/posts\/1162","targetHints":{"allow":["GET"]}}],"collection":[{"href":"http:\/\/proreitoria.uea.edu.br\/propesp\/index.php\/wp-json\/wp\/v2\/posts"}],"about":[{"href":"http:\/\/proreitoria.uea.edu.br\/propesp\/index.php\/wp-json\/wp\/v2\/types\/post"}],"author":[{"embeddable":true,"href":"http:\/\/proreitoria.uea.edu.br\/propesp\/index.php\/wp-json\/wp\/v2\/users\/10"}],"replies":[{"embeddable":true,"href":"http:\/\/proreitoria.uea.edu.br\/propesp\/index.php\/wp-json\/wp\/v2\/comments?post=1162"}],"version-history":[{"count":2,"href":"http:\/\/proreitoria.uea.edu.br\/propesp\/index.php\/wp-json\/wp\/v2\/posts\/1162\/revisions"}],"predecessor-version":[{"id":1166,"href":"http:\/\/proreitoria.uea.edu.br\/propesp\/index.php\/wp-json\/wp\/v2\/posts\/1162\/revisions\/1166"}],"wp:featuredmedia":[{"embeddable":true,"href":"http:\/\/proreitoria.uea.edu.br\/propesp\/index.php\/wp-json\/wp\/v2\/media\/1164"}],"wp:attachment":[{"href":"http:\/\/proreitoria.uea.edu.br\/propesp\/index.php\/wp-json\/wp\/v2\/media?parent=1162"}],"wp:term":[{"taxonomy":"category","embeddable":true,"href":"http:\/\/proreitoria.uea.edu.br\/propesp\/index.php\/wp-json\/wp\/v2\/categories?post=1162"},{"taxonomy":"post_tag","embeddable":true,"href":"http:\/\/proreitoria.uea.edu.br\/propesp\/index.php\/wp-json\/wp\/v2\/tags?post=1162"}],"curies":[{"name":"wp","href":"https:\/\/api.w.org\/{rel}","templated":true}]}}