{"id":1112,"date":"2025-09-08T15:42:00","date_gmt":"2025-09-08T19:42:00","guid":{"rendered":"https:\/\/proreitoria.uea.edu.br\/propesp\/?p=1112"},"modified":"2025-12-05T13:53:52","modified_gmt":"2025-12-05T17:53:52","slug":"aula-magna-do-doutorado-administracao-da-uea-com-a-ufv","status":"publish","type":"post","link":"http:\/\/proreitoria.uea.edu.br\/propesp\/index.php\/2025\/09\/08\/aula-magna-do-doutorado-administracao-da-uea-com-a-ufv\/","title":{"rendered":"Aula Magna do Doutorado Administra\u00e7\u00e3o da UEA com a UFV"},"content":{"rendered":"\n<div class=\"wp-block-stackable-text stk-block-text stk-block stk-8d665d8\" data-block-id=\"8d665d8\"><p class=\"stk-block-text__text\">A Universidade do Estado do Amazonas (UEA) deu in\u00edcio, nesta quinta-feira, \u00e0s atividades do Doutorado Interinstitucional (DINTER) em Administra\u00e7\u00e3o, realizado em parceria com a Universidade Federal de Vi\u00e7osa (UFV). A iniciativa tem como prop\u00f3sito formar profissionais altamente qualificados para contribuir com o setor p\u00fablico, fortalecendo a gest\u00e3o por meio do ensino, da pesquisa e da extens\u00e3o.<\/p><\/div>\n\n\n\n<div class=\"wp-block-stackable-text stk-block-text stk-block stk-1ef9939\" data-block-id=\"1ef9939\"><p class=\"stk-block-text__text\">A cerim\u00f4nia de abertura contou com a presen\u00e7a da Profa. Dra. J\u00e9ssica Mie Ferreira Koyama Takahashi, Coordenadora de Pesquisa e Projetos Institucionais da Pr\u00f3-Reitoria de Pesquisa e P\u00f3s-Gradua\u00e7\u00e3o, representando o magn\u00edfico reitor da UEA. Tamb\u00e9m estiveram presentes o Diretor da Escola Superior de Ci\u00eancias Sociais \u2013 ESO, Prof. Dr. Paulo C\u00e9sar Diniz, o representante da UFV, Prof. Dr. Josiel Lopes Valadares; e o coordenador de Qualidade de Ensino da Escola Superior de Ci\u00eancias Sociais, Prof. Dr. Wlademir Leite Correia Filho.<\/p><\/div>\n\n\n\n<div class=\"wp-block-stackable-text stk-block-text stk-block stk-f3ff3ee\" data-block-id=\"f3ff3ee\"><p class=\"stk-block-text__text\">A aula magna foi ministrada pela Profa. Dra. Roberta Ferreira Coelho de Andrade, da Universidade Federal do Amazonas, com o tema&nbsp;<strong>\u201cPol\u00edtica P\u00fablica e Registro da Hist\u00f3ria: Caminho e Desafios\u201d<\/strong>. Pesquisadora com vasta experi\u00eancia na \u00e1rea do Servi\u00e7o Social, a docente possui doutorado e mestrado em Sociedade e Cultura na Amaz\u00f4nia pela UFAM, p\u00f3s-doutorado pela PUC-RS e atua no Departamento de Servi\u00e7o Social e no Programa de P\u00f3s-Gradua\u00e7\u00e3o em Servi\u00e7o Social e Sustentabilidade na Amaz\u00f4nia.<\/p><\/div>\n\n\n\n<div class=\"wp-block-stackable-text stk-block-text stk-block stk-bc8a3d7\" data-block-id=\"bc8a3d7\"><p class=\"stk-block-text__text\">O evento marcou o in\u00edcio de uma etapa importante para a p\u00f3s-gradua\u00e7\u00e3o da UEA, reafirmando o compromisso da institui\u00e7\u00e3o com a produ\u00e7\u00e3o cient\u00edfica e a forma\u00e7\u00e3o de pesquisadores voltados \u00e0s demandas regionais e nacionais.<\/p><\/div>\n\n\n\n<div class=\"wp-block-stackable-image stk-block-image stk-block stk-08643a4\" data-block-id=\"08643a4\"><figure><span class=\"stk-img-wrapper stk-image--shape-stretch\"><img loading=\"lazy\" decoding=\"async\" class=\"stk-img wp-image-1122\" src=\"http:\/\/proreitoria.uea.edu.br\/propesp\/wp-content\/uploads\/2025\/10\/Imagem-do-WhatsApp-de-2025-09-08-as-09.37.25_fcbe655b-768x1024-1.jpg\" width=\"768\" height=\"1024\" srcset=\"http:\/\/proreitoria.uea.edu.br\/propesp\/wp-content\/uploads\/2025\/10\/Imagem-do-WhatsApp-de-2025-09-08-as-09.37.25_fcbe655b-768x1024-1.jpg 768w, http:\/\/proreitoria.uea.edu.br\/propesp\/wp-content\/uploads\/2025\/10\/Imagem-do-WhatsApp-de-2025-09-08-as-09.37.25_fcbe655b-768x1024-1-225x300.jpg 225w\" sizes=\"auto, (max-width: 768px) 100vw, 768px\" \/><\/span><\/figure><\/div>\n\n\n\n<div class=\"wp-block-stackable-image stk-block-image stk-block stk-422569c\" data-block-id=\"422569c\"><figure><span class=\"stk-img-wrapper stk-image--shape-stretch\"><img loading=\"lazy\" decoding=\"async\" class=\"stk-img wp-image-1123\" src=\"http:\/\/proreitoria.uea.edu.br\/propesp\/wp-content\/uploads\/2025\/10\/Imagem-do-WhatsApp-de-2025-09-08-as-09.38.46_1b78aebe-1024x768-1.jpg\" width=\"1024\" height=\"768\" srcset=\"http:\/\/proreitoria.uea.edu.br\/propesp\/wp-content\/uploads\/2025\/10\/Imagem-do-WhatsApp-de-2025-09-08-as-09.38.46_1b78aebe-1024x768-1.jpg 1024w, http:\/\/proreitoria.uea.edu.br\/propesp\/wp-content\/uploads\/2025\/10\/Imagem-do-WhatsApp-de-2025-09-08-as-09.38.46_1b78aebe-1024x768-1-300x225.jpg 300w, http:\/\/proreitoria.uea.edu.br\/propesp\/wp-content\/uploads\/2025\/10\/Imagem-do-WhatsApp-de-2025-09-08-as-09.38.46_1b78aebe-1024x768-1-768x576.jpg 768w\" sizes=\"auto, (max-width: 1024px) 100vw, 1024px\" \/><\/span><\/figure><\/div>\n\n\n\n<p><\/p>\n\n\n\n<div class=\"wp-block-stackable-image stk-block-image stk-block stk-f17bda8\" data-block-id=\"f17bda8\"><figure><span class=\"stk-img-wrapper stk-image--shape-stretch\"><img loading=\"lazy\" decoding=\"async\" class=\"stk-img wp-image-1121\" src=\"http:\/\/proreitoria.uea.edu.br\/propesp\/wp-content\/uploads\/2025\/10\/Imagem-do-WhatsApp-de-2025-09-04-as-18.06.25_07e7e91f-1024x768-1.jpg\" width=\"1024\" height=\"768\" srcset=\"http:\/\/proreitoria.uea.edu.br\/propesp\/wp-content\/uploads\/2025\/10\/Imagem-do-WhatsApp-de-2025-09-04-as-18.06.25_07e7e91f-1024x768-1.jpg 1024w, http:\/\/proreitoria.uea.edu.br\/propesp\/wp-content\/uploads\/2025\/10\/Imagem-do-WhatsApp-de-2025-09-04-as-18.06.25_07e7e91f-1024x768-1-300x225.jpg 300w, http:\/\/proreitoria.uea.edu.br\/propesp\/wp-content\/uploads\/2025\/10\/Imagem-do-WhatsApp-de-2025-09-04-as-18.06.25_07e7e91f-1024x768-1-768x576.jpg 768w\" sizes=\"auto, (max-width: 1024px) 100vw, 1024px\" \/><\/span><\/figure><\/div>\n","protected":false},"excerpt":{"rendered":"<p>A Universidade do Estado do Amazonas (UEA) deu in\u00edcio, nesta quinta-feira, \u00e0s atividades do Doutorado Interinstitucional (DINTER) em Administra\u00e7\u00e3o, realizado em parceria com a Universidade Federal de Vi\u00e7osa (UFV)<\/p>\n","protected":false},"author":10,"featured_media":1129,"comment_status":"closed","ping_status":"closed","sticky":false,"template":"","format":"standard","meta":{"footnotes":""},"categories":[1],"tags":[],"class_list":["post-1112","post","type-post","status-publish","format-standard","has-post-thumbnail","hentry","category-pos-graduacao"],"blocksy_meta":[],"_links":{"self":[{"href":"http:\/\/proreitoria.uea.edu.br\/propesp\/index.php\/wp-json\/wp\/v2\/posts\/1112","targetHints":{"allow":["GET"]}}],"collection":[{"href":"http:\/\/proreitoria.uea.edu.br\/propesp\/index.php\/wp-json\/wp\/v2\/posts"}],"about":[{"href":"http:\/\/proreitoria.uea.edu.br\/propesp\/index.php\/wp-json\/wp\/v2\/types\/post"}],"author":[{"embeddable":true,"href":"http:\/\/proreitoria.uea.edu.br\/propesp\/index.php\/wp-json\/wp\/v2\/users\/10"}],"replies":[{"embeddable":true,"href":"http:\/\/proreitoria.uea.edu.br\/propesp\/index.php\/wp-json\/wp\/v2\/comments?post=1112"}],"version-history":[{"count":15,"href":"http:\/\/proreitoria.uea.edu.br\/propesp\/index.php\/wp-json\/wp\/v2\/posts\/1112\/revisions"}],"predecessor-version":[{"id":1134,"href":"http:\/\/proreitoria.uea.edu.br\/propesp\/index.php\/wp-json\/wp\/v2\/posts\/1112\/revisions\/1134"}],"wp:featuredmedia":[{"embeddable":true,"href":"http:\/\/proreitoria.uea.edu.br\/propesp\/index.php\/wp-json\/wp\/v2\/media\/1129"}],"wp:attachment":[{"href":"http:\/\/proreitoria.uea.edu.br\/propesp\/index.php\/wp-json\/wp\/v2\/media?parent=1112"}],"wp:term":[{"taxonomy":"category","embeddable":true,"href":"http:\/\/proreitoria.uea.edu.br\/propesp\/index.php\/wp-json\/wp\/v2\/categories?post=1112"},{"taxonomy":"post_tag","embeddable":true,"href":"http:\/\/proreitoria.uea.edu.br\/propesp\/index.php\/wp-json\/wp\/v2\/tags?post=1112"}],"curies":[{"name":"wp","href":"https:\/\/api.w.org\/{rel}","templated":true}]}}